{"id":45558,"date":"2012-11-27T20:20:56","date_gmt":"2012-11-27T19:20:56","guid":{"rendered":"http:\/\/www.kraftfuttermischwerk.de\/blogg\/?p=45558"},"modified":"2012-11-27T20:23:01","modified_gmt":"2012-11-27T19:23:01","slug":"im-gesprach-mit-fotograf-und-tursteher-sven-marquardt","status":"publish","type":"post","link":"https:\/\/www.kraftfuttermischwerk.de\/blogg\/im-gesprach-mit-fotograf-und-tursteher-sven-marquardt\/","title":{"rendered":"Im Gespr\u00e4ch mit Fotograf und T\u00fcrsteher Sven Marquardt"},"content":{"rendered":"<p>Sehr angenehm gelassenen und zur\u00fcckgelehntes Gespr\u00e4ch, das Hajo Schumacher hier schon immer Sommer auf DW TV f\u00fcr die Sendung <em>&#8222;Typisch deutsch&#8220;<\/em> f\u00fchrte. Die beiden sprachen \u00fcber die Jugend Marquardts in der DDR (der f\u00fcr mich interessanteste Teil), \u00fcber seine Arbeit als Fotograf und seine Leidenschaft daf\u00fcr und nat\u00fcrlich auch \u00fcber die T\u00fcr des Berghains. Au\u00dferdem \u00fcber Tattoos, was ja auch naheliegend ist. Sch\u00f6n auch, wie locker er mit eigentlich ziemlich  bl\u00f6den Fragen umgeht. <\/p>\n<blockquote><p>Der 1962 in Berlin Geborene arbeitete nach seiner Ausbildung in der DDR als Fotograf, unter anderem f\u00fcr die bekannte Modezeitschrift \u201eSibylle&#8220;. Seine Fotografien aus jener Zeit gelten heute als Dokumente der Subkultur in der DDR. Nach der Wende fand Sven Marquardt im Westen zun\u00e4chst wenig Interessenten f\u00fcr seine fotografischen Arbeiten. Der zu DDR-Zeiten als gro\u00dfes fotografisches Talent Gelobte, jobbte stattdessen als T\u00fcrsteher, zun\u00e4chst im \u201eOstgut&#8220; und nach dessen Schlie\u00dfung im \u201eBerghain&#8220;, einem weltweit bekannten Club in Berlin-Friedrichshain. <\/p><\/blockquote>\n<p><span class=\"embed-youtube\" style=\"text-align:center; display: block;\"><iframe loading=\"lazy\" class=\"youtube-player\" width=\"640\" height=\"360\" src=\"https:\/\/www.youtube.com\/embed\/_CvG5izECwM?version=3&#038;rel=1&#038;showsearch=0&#038;showinfo=1&#038;iv_load_policy=1&#038;fs=1&#038;hl=de-DE&#038;autohide=2&#038;wmode=transparent\" allowfullscreen=\"true\" style=\"border:0;\" sandbox=\"allow-scripts allow-same-origin allow-popups allow-presentation allow-popups-to-escape-sandbox\"><\/iframe><\/span><br \/>\n<small>(<a href=\"http:\/\/youtu.be\/_CvG5izECwM\">Direktlink<\/a>, via Irgendwo auf FB)<\/small><\/p>\n","protected":false},"excerpt":{"rendered":"<p>Sehr angenehm gelassenen und zur\u00fcckgelehntes Gespr\u00e4ch, das Hajo Schumacher hier schon immer Sommer auf DW TV f\u00fcr die Sendung &#8222;Typisch deutsch&#8220; f\u00fchrte. Die beiden sprachen&#8230;<\/p>\n<div class=\"more-link-wrapper\"><a class=\"more-link\" href=\"https:\/\/www.kraftfuttermischwerk.de\/blogg\/im-gesprach-mit-fotograf-und-tursteher-sven-marquardt\/\">Mehr lesen -&gt;<span class=\"screen-reader-text\">Im Gespr\u00e4ch mit Fotograf und T\u00fcrsteher Sven Marquardt<\/span><\/a><\/div>\n","protected":false},"author":1,"featured_media":0,"comment_status":"open","ping_status":"open","sticky":false,"template":"","format":"standard","meta":{"jetpack_post_was_ever_published":false,"_jetpack_newsletter_access":"","_jetpack_dont_email_post_to_subs":false,"_jetpack_newsletter_tier_id":0,"_jetpack_memberships_contains_paywalled_content":false,"_jetpack_memberships_contains_paid_content":false,"footnotes":""},"categories":[22,19,5],"tags":[],"class_list":["post-45558","post","type-post","status-publish","format-standard","hentry","category-die-wende","category-doku","category-musik","entry"],"jetpack_featured_media_url":"","jetpack_shortlink":"https:\/\/wp.me\/pXEnA-bQO","jetpack-related-posts":[],"jetpack_sharing_enabled":true,"_links":{"self":[{"href":"https:\/\/www.kraftfuttermischwerk.de\/blogg\/wp-json\/wp\/v2\/posts\/45558","targetHints":{"allow":["GET"]}}],"collection":[{"href":"https:\/\/www.kraftfuttermischwerk.de\/blogg\/wp-json\/wp\/v2\/posts"}],"about":[{"href":"https:\/\/www.kraftfuttermischwerk.de\/blogg\/wp-json\/wp\/v2\/types\/post"}],"author":[{"embeddable":true,"href":"https:\/\/www.kraftfuttermischwerk.de\/blogg\/wp-json\/wp\/v2\/users\/1"}],"replies":[{"embeddable":true,"href":"https:\/\/www.kraftfuttermischwerk.de\/blogg\/wp-json\/wp\/v2\/comments?post=45558"}],"version-history":[{"count":0,"href":"https:\/\/www.kraftfuttermischwerk.de\/blogg\/wp-json\/wp\/v2\/posts\/45558\/revisions"}],"wp:attachment":[{"href":"https:\/\/www.kraftfuttermischwerk.de\/blogg\/wp-json\/wp\/v2\/media?parent=45558"}],"wp:term":[{"taxonomy":"category","embeddable":true,"href":"https:\/\/www.kraftfuttermischwerk.de\/blogg\/wp-json\/wp\/v2\/categories?post=45558"},{"taxonomy":"post_tag","embeddable":true,"href":"https:\/\/www.kraftfuttermischwerk.de\/blogg\/wp-json\/wp\/v2\/tags?post=45558"}],"curies":[{"name":"wp","href":"https:\/\/api.w.org\/{rel}","templated":true}]}}