{"id":45911,"date":"2012-12-05T21:56:32","date_gmt":"2012-12-05T20:56:32","guid":{"rendered":"http:\/\/www.kraftfuttermischwerk.de\/blogg\/?p=45911"},"modified":"2012-12-05T21:57:14","modified_gmt":"2012-12-05T20:57:14","slug":"a-short-history-of-the-gif","status":"publish","type":"post","link":"https:\/\/www.kraftfuttermischwerk.de\/blogg\/a-short-history-of-the-gif\/","title":{"rendered":"A Short History of the Gif"},"content":{"rendered":"<p>Wer es noch nicht mitbekommen hat: ich bin vernarrt in animierte GIFs. Und es gibt sogar ein Quasi-Festival f\u00fcr diese Dinger! <a href=\"http:\/\/movingthestill.paddle8.com\/\">Moving the Still<\/a>.  Anl\u00e4sslich dessen wurde dieses kurze Filmchen hier gemacht, was mal ganz knackig die Geschichte der animierten GIFs n\u00e4her erl\u00e4utert. Bildungsauftrag f\u00fcr diese Woche erf\u00fcllt. Und das mit endlich mal den ganz wichtigen Themen.<\/p>\n<p><iframe loading=\"lazy\" src=\"https:\/\/player.vimeo.com\/video\/54791694?dnt=1&amp;app_id=122963\" width=\"500\" height=\"281\" frameborder=\"0\" allow=\"autoplay; fullscreen; picture-in-picture; clipboard-write\"><\/iframe><br \/>\n<small>(<a href=\"http:\/\/vimeo.com\/54791694\">Direktlink<\/a>)<\/small><\/p>\n","protected":false},"excerpt":{"rendered":"<p>Wer es noch nicht mitbekommen hat: ich bin vernarrt in animierte GIFs. Und es gibt sogar ein Quasi-Festival f\u00fcr diese Dinger! Moving the Still. Anl\u00e4sslich&#8230;<\/p>\n<div class=\"more-link-wrapper\"><a class=\"more-link\" href=\"https:\/\/www.kraftfuttermischwerk.de\/blogg\/a-short-history-of-the-gif\/\">Mehr lesen -&gt;<span class=\"screen-reader-text\">A Short History of the Gif<\/span><\/a><\/div>\n","protected":false},"author":1,"featured_media":0,"comment_status":"open","ping_status":"open","sticky":false,"template":"","format":"standard","meta":{"jetpack_post_was_ever_published":false,"_jetpack_newsletter_access":"","_jetpack_dont_email_post_to_subs":false,"_jetpack_newsletter_tier_id":0,"_jetpack_memberships_contains_paywalled_content":false,"_jetpack_memberships_contains_paid_content":false,"footnotes":""},"categories":[8],"tags":[],"class_list":["post-45911","post","type-post","status-publish","format-standard","hentry","category-visuelles","entry"],"jetpack_featured_media_url":"","jetpack_shortlink":"https:\/\/wp.me\/pXEnA-bWv","jetpack-related-posts":[],"jetpack_sharing_enabled":true,"_links":{"self":[{"href":"https:\/\/www.kraftfuttermischwerk.de\/blogg\/wp-json\/wp\/v2\/posts\/45911","targetHints":{"allow":["GET"]}}],"collection":[{"href":"https:\/\/www.kraftfuttermischwerk.de\/blogg\/wp-json\/wp\/v2\/posts"}],"about":[{"href":"https:\/\/www.kraftfuttermischwerk.de\/blogg\/wp-json\/wp\/v2\/types\/post"}],"author":[{"embeddable":true,"href":"https:\/\/www.kraftfuttermischwerk.de\/blogg\/wp-json\/wp\/v2\/users\/1"}],"replies":[{"embeddable":true,"href":"https:\/\/www.kraftfuttermischwerk.de\/blogg\/wp-json\/wp\/v2\/comments?post=45911"}],"version-history":[{"count":0,"href":"https:\/\/www.kraftfuttermischwerk.de\/blogg\/wp-json\/wp\/v2\/posts\/45911\/revisions"}],"wp:attachment":[{"href":"https:\/\/www.kraftfuttermischwerk.de\/blogg\/wp-json\/wp\/v2\/media?parent=45911"}],"wp:term":[{"taxonomy":"category","embeddable":true,"href":"https:\/\/www.kraftfuttermischwerk.de\/blogg\/wp-json\/wp\/v2\/categories?post=45911"},{"taxonomy":"post_tag","embeddable":true,"href":"https:\/\/www.kraftfuttermischwerk.de\/blogg\/wp-json\/wp\/v2\/tags?post=45911"}],"curies":[{"name":"wp","href":"https:\/\/api.w.org\/{rel}","templated":true}]}}