{"id":45966,"date":"2012-12-06T10:15:44","date_gmt":"2012-12-06T09:15:44","guid":{"rendered":"http:\/\/www.kraftfuttermischwerk.de\/blogg\/?p=45966"},"modified":"2012-12-06T10:16:29","modified_gmt":"2012-12-06T09:16:29","slug":"punk-sein-in-ost-berlin-schrage-zeit-eine-doku-von-olafur-sveinsson","status":"publish","type":"post","link":"https:\/\/www.kraftfuttermischwerk.de\/blogg\/punk-sein-in-ost-berlin-schrage-zeit-eine-doku-von-olafur-sveinsson\/","title":{"rendered":"Punk sein in Ost-Berlin &#8211; &#8222;Schr\u00e4ge Zeit&#8220;, eine Doku von \u00d3lafur Sveinsson"},"content":{"rendered":"<p>Superinteressante, mir bisher unbekannte Dokumentation \u00fcber Punks in Ost-Berlin zu Beginn der 80er Jahre. Ich habe jetzt etwa die H\u00e4lfte gesehen und staune wieder einmal mehr, wie weit manche Jugendliche im Hinblick auf die garantiert zu erwartenden  Repressionen tats\u00e4chlich gingen. Und das wobei sie wussten, was auf sie zukommen k\u00f6nnte und auch w\u00fcrde. Punk, der woanders echter wohl kaum h\u00e4tte sein k\u00f6nnen. <\/p>\n<blockquote><p>Ost-Berlin, Anfang der 80er Jahre: Eine Gruppe junger Leute, die den Glauben an den &#8222;real existierenden Sozialismus&#8220; verloren hat, lehnt sich gegen die Unzul\u00e4nglichkeiten des DDR-Systems auf. <\/p>\n<p>Einer von ihnen, der 1963 in G\u00fcstrow geborene und in Ost-Berlin aufgewachsene Jan, opponiert als Punk in der ber\u00fcchtigten Band &#8222;Der demokratische Konsum&#8220;. In dieser Zeit ger\u00e4t er ins Blickfeld der Stasi. Ein wildes Leben beginnt. Er und seine Freunde leben, als w\u00e4re jeder Tag der letzte, und es gelingt ihnen, sich Freir\u00e4ume zu schaffen, die man im Alltag der Deutschen Demokratischen Republik nicht f\u00fcr m\u00f6glich gehalten h\u00e4tte. <\/p>\n<p>Dennoch ist allen bald klar, dass sie diese Republik verlassen m\u00fcssen. Um der DDR zu entfliehen, heiratet Jan 1987 eine Isl\u00e4nderin. Im Westen angekommen, \u00e4ndert er sein Leben radikal. Der Fall der Mauer versetzt ihn in Euphorie. Er kauft H\u00e4user im Osten, er\u00f6ffnet einen Mini-Supermarkt und macht Gesch\u00e4fte mit russischen Soldaten. Pl\u00f6tzlich hat er alles, was er sich gew\u00fcnscht hat: viel Geld und eine Familie. 1991 wird Jan die Diagnose &#8222;manisch-depressiv&#8220; gestellt, und er verbringt einige Monate in der geschlossenen Psychiatrie. Zehn Jahre sp\u00e4ter hat er ein kleines Schiff gekauft, auf dem er als Selbsttherapie die Sommer auf den Gew\u00e4ssern von Berlin verbringt.<\/p>\n<p>Im Mittelpunkt des Dokumentarfilms &#8222;Schr\u00e4ge Zeit&#8220; steht eine au\u00dfergew\u00f6hnliche deutsch-deutsche Biografie, die eng mit der turbulenten Geschichte Berlins der letzten 20 Jahre verbunden ist . Anhand von Interviews, Fotos und Archivmaterial erz\u00e4hlt der isl\u00e4ndische Autor \u00d3lafur Sveinsson, der seit vielen Jahren in Berlin lebt und arbeitet, Jans packende Lebensgeschichte, au\u00dferdem von zahlreichen lustigen, absurden, tragischen und gef\u00e4hrlichen Momenten der Wendezeit.<\/p><\/blockquote>\n<p><span class=\"embed-youtube\" style=\"text-align:center; display: block;\"><iframe loading=\"lazy\" class=\"youtube-player\" width=\"640\" height=\"360\" src=\"https:\/\/www.youtube.com\/embed\/6G6w3D-6eXM?version=3&#038;rel=1&#038;showsearch=0&#038;showinfo=1&#038;iv_load_policy=1&#038;fs=1&#038;hl=de-DE&#038;autohide=2&#038;wmode=transparent\" allowfullscreen=\"true\" style=\"border:0;\" sandbox=\"allow-scripts allow-same-origin allow-popups allow-presentation allow-popups-to-escape-sandbox\"><\/iframe><\/span><br \/>\n<small>(<a href=\"http:\/\/youtu.be\/6G6w3D-6eXM\">Direktlink<\/a>)<\/small> <\/p>\n","protected":false},"excerpt":{"rendered":"<p>Superinteressante, mir bisher unbekannte Dokumentation \u00fcber Punks in Ost-Berlin zu Beginn der 80er Jahre. Ich habe jetzt etwa die H\u00e4lfte gesehen und staune wieder einmal&#8230;<\/p>\n<div class=\"more-link-wrapper\"><a class=\"more-link\" href=\"https:\/\/www.kraftfuttermischwerk.de\/blogg\/punk-sein-in-ost-berlin-schrage-zeit-eine-doku-von-olafur-sveinsson\/\">Mehr lesen -&gt;<span class=\"screen-reader-text\">Punk sein in Ost-Berlin &#8211; &#8222;Schr\u00e4ge Zeit&#8220;, eine Doku von \u00d3lafur Sveinsson<\/span><\/a><\/div>\n","protected":false},"author":1,"featured_media":0,"comment_status":"open","ping_status":"open","sticky":false,"template":"","format":"standard","meta":{"jetpack_post_was_ever_published":false,"_jetpack_newsletter_access":"","_jetpack_dont_email_post_to_subs":false,"_jetpack_newsletter_tier_id":0,"_jetpack_memberships_contains_paywalled_content":false,"_jetpack_memberships_contains_paid_content":false,"footnotes":""},"categories":[22,19],"tags":[],"class_list":["post-45966","post","type-post","status-publish","format-standard","hentry","category-die-wende","category-doku","entry"],"jetpack_featured_media_url":"","jetpack_shortlink":"https:\/\/wp.me\/pXEnA-bXo","jetpack-related-posts":[],"jetpack_sharing_enabled":true,"_links":{"self":[{"href":"https:\/\/www.kraftfuttermischwerk.de\/blogg\/wp-json\/wp\/v2\/posts\/45966","targetHints":{"allow":["GET"]}}],"collection":[{"href":"https:\/\/www.kraftfuttermischwerk.de\/blogg\/wp-json\/wp\/v2\/posts"}],"about":[{"href":"https:\/\/www.kraftfuttermischwerk.de\/blogg\/wp-json\/wp\/v2\/types\/post"}],"author":[{"embeddable":true,"href":"https:\/\/www.kraftfuttermischwerk.de\/blogg\/wp-json\/wp\/v2\/users\/1"}],"replies":[{"embeddable":true,"href":"https:\/\/www.kraftfuttermischwerk.de\/blogg\/wp-json\/wp\/v2\/comments?post=45966"}],"version-history":[{"count":0,"href":"https:\/\/www.kraftfuttermischwerk.de\/blogg\/wp-json\/wp\/v2\/posts\/45966\/revisions"}],"wp:attachment":[{"href":"https:\/\/www.kraftfuttermischwerk.de\/blogg\/wp-json\/wp\/v2\/media?parent=45966"}],"wp:term":[{"taxonomy":"category","embeddable":true,"href":"https:\/\/www.kraftfuttermischwerk.de\/blogg\/wp-json\/wp\/v2\/categories?post=45966"},{"taxonomy":"post_tag","embeddable":true,"href":"https:\/\/www.kraftfuttermischwerk.de\/blogg\/wp-json\/wp\/v2\/tags?post=45966"}],"curies":[{"name":"wp","href":"https:\/\/api.w.org\/{rel}","templated":true}]}}