{"id":45981,"date":"2012-12-06T11:57:50","date_gmt":"2012-12-06T10:57:50","guid":{"rendered":"http:\/\/www.kraftfuttermischwerk.de\/blogg\/?p=45981"},"modified":"2012-12-06T11:57:50","modified_gmt":"2012-12-06T10:57:50","slug":"alte-dame-im-mantel","status":"publish","type":"post","link":"https:\/\/www.kraftfuttermischwerk.de\/blogg\/alte-dame-im-mantel\/","title":{"rendered":"Alte Dame im Mantel"},"content":{"rendered":"<p>Die alte Dame im Mantel und  der viel zu gro\u00dfen Reisetasche zahlt den Bus bis  Tegel. Von dort bringt sie <em>&#8222;der Flieger f\u00fcr 10 Wochen nach Madeira&#8220;<\/em>, sagt sie. Sie sei dieses Jahr sp\u00e4t dran,  oder der Winter sei zu fr\u00fch, <em>&#8222;vielleicht aber auch beides&#8220;<\/em> sagt sie. In den letzten Jahren habe sie nur selten Schnee gesehen.  Sie zieht den Mantel aus, setzt sich ans Fenster, nimmt ihre Wollm\u00fctze ab und schaut, den Kopf auf ihre Faust gelehnt, vertr\u00e4umt aus dem Fenster. Die Sicht auf die verschneite Stadt. Fast so, als w\u00fcrde sie diese in den n\u00e4chsten 10 Wochen ein wenig vermissen. Auf  Madeira, den Blick auf den Atlantik.<\/p>\n","protected":false},"excerpt":{"rendered":"<p>Die alte Dame im Mantel und der viel zu gro\u00dfen Reisetasche zahlt den Bus bis Tegel. Von dort bringt sie &#8222;der Flieger f\u00fcr 10 Wochen&#8230;<\/p>\n<div class=\"more-link-wrapper\"><a class=\"more-link\" href=\"https:\/\/www.kraftfuttermischwerk.de\/blogg\/alte-dame-im-mantel\/\">Mehr lesen -&gt;<span class=\"screen-reader-text\">Alte Dame im Mantel<\/span><\/a><\/div>\n","protected":false},"author":1,"featured_media":0,"comment_status":"open","ping_status":"open","sticky":false,"template":"","format":"standard","meta":{"jetpack_post_was_ever_published":false,"_jetpack_newsletter_access":"","_jetpack_dont_email_post_to_subs":false,"_jetpack_newsletter_tier_id":0,"_jetpack_memberships_contains_paywalled_content":false,"_jetpack_memberships_contains_paid_content":false,"footnotes":""},"categories":[1],"tags":[],"class_list":["post-45981","post","type-post","status-publish","format-standard","hentry","category-nur-mal-so","entry"],"jetpack_featured_media_url":"","jetpack_shortlink":"https:\/\/wp.me\/pXEnA-bXD","jetpack-related-posts":[],"jetpack_sharing_enabled":true,"_links":{"self":[{"href":"https:\/\/www.kraftfuttermischwerk.de\/blogg\/wp-json\/wp\/v2\/posts\/45981","targetHints":{"allow":["GET"]}}],"collection":[{"href":"https:\/\/www.kraftfuttermischwerk.de\/blogg\/wp-json\/wp\/v2\/posts"}],"about":[{"href":"https:\/\/www.kraftfuttermischwerk.de\/blogg\/wp-json\/wp\/v2\/types\/post"}],"author":[{"embeddable":true,"href":"https:\/\/www.kraftfuttermischwerk.de\/blogg\/wp-json\/wp\/v2\/users\/1"}],"replies":[{"embeddable":true,"href":"https:\/\/www.kraftfuttermischwerk.de\/blogg\/wp-json\/wp\/v2\/comments?post=45981"}],"version-history":[{"count":0,"href":"https:\/\/www.kraftfuttermischwerk.de\/blogg\/wp-json\/wp\/v2\/posts\/45981\/revisions"}],"wp:attachment":[{"href":"https:\/\/www.kraftfuttermischwerk.de\/blogg\/wp-json\/wp\/v2\/media?parent=45981"}],"wp:term":[{"taxonomy":"category","embeddable":true,"href":"https:\/\/www.kraftfuttermischwerk.de\/blogg\/wp-json\/wp\/v2\/categories?post=45981"},{"taxonomy":"post_tag","embeddable":true,"href":"https:\/\/www.kraftfuttermischwerk.de\/blogg\/wp-json\/wp\/v2\/tags?post=45981"}],"curies":[{"name":"wp","href":"https:\/\/api.w.org\/{rel}","templated":true}]}}