{"id":48210,"date":"2013-01-27T12:58:55","date_gmt":"2013-01-27T11:58:55","guid":{"rendered":"http:\/\/www.kraftfuttermischwerk.de\/blogg\/?p=48210"},"modified":"2013-01-27T12:59:44","modified_gmt":"2013-01-27T11:59:44","slug":"das-leben-in-der-ddr-wahrend-der-spaten-70er-und-fruhen-80er-jahre","status":"publish","type":"post","link":"https:\/\/www.kraftfuttermischwerk.de\/blogg\/das-leben-in-der-ddr-wahrend-der-spaten-70er-und-fruhen-80er-jahre\/","title":{"rendered":"Das Leben in der DDR w\u00e4hrend der sp\u00e4ten 70er und fr\u00fchen 80er Jahre"},"content":{"rendered":"<p>Kleine Zeitreise in ein Land, das nicht mehr existiert. Noch dazu ein ganz wunderbares Zeitdokument. <a href=\"http:\/\/www.youtube.com\/user\/MLFilme1?feature=watch\">Ernst Schneller<\/a>, der von sich selber sagt, ein <em>&#8222;\u00fcberzeugter Kommunist&#8220;<\/em> zu sein, hat sich durch die Archive der Armeefilmstudios der NVA gew\u00fchlt und daraus diese 15 Minuten zusammengeschnitten. Es werden jeweils kurz einige St\u00e4dte wie Rostock, Cottbus, Neubrandenburg oder Suhl portraitiert und Situationen aus dem Alltag gezeigt. Die Moderation ist nat\u00fcrlich arg von Propaganda gepr\u00e4gt, was mit Hinblick auf die sp\u00e4tere Geschichte der DDR aber auch durchaus lustige Momente bringt.<\/p>\n<p><span class=\"embed-youtube\" style=\"text-align:center; display: block;\"><iframe loading=\"lazy\" class=\"youtube-player\" width=\"640\" height=\"360\" src=\"https:\/\/www.youtube.com\/embed\/xBHhzcqlxVs?version=3&#038;rel=1&#038;showsearch=0&#038;showinfo=1&#038;iv_load_policy=1&#038;fs=1&#038;hl=de-DE&#038;autohide=2&#038;wmode=transparent\" allowfullscreen=\"true\" style=\"border:0;\" sandbox=\"allow-scripts allow-same-origin allow-popups allow-presentation allow-popups-to-escape-sandbox\"><\/iframe><\/span><br \/>\n<small>(<a href=\"http:\/\/youtu.be\/xBHhzcqlxVs\">Direktlink<\/a>)<\/small><\/p>\n","protected":false},"excerpt":{"rendered":"<p>Kleine Zeitreise in ein Land, das nicht mehr existiert. Noch dazu ein ganz wunderbares Zeitdokument. Ernst Schneller, der von sich selber sagt, ein &#8222;\u00fcberzeugter Kommunist&#8220;&#8230;<\/p>\n<div class=\"more-link-wrapper\"><a class=\"more-link\" href=\"https:\/\/www.kraftfuttermischwerk.de\/blogg\/das-leben-in-der-ddr-wahrend-der-spaten-70er-und-fruhen-80er-jahre\/\">Mehr lesen -&gt;<span class=\"screen-reader-text\">Das Leben in der DDR w\u00e4hrend der sp\u00e4ten 70er und fr\u00fchen 80er Jahre<\/span><\/a><\/div>\n","protected":false},"author":1,"featured_media":0,"comment_status":"open","ping_status":"open","sticky":false,"template":"","format":"standard","meta":{"jetpack_post_was_ever_published":false,"_jetpack_newsletter_access":"","_jetpack_dont_email_post_to_subs":false,"_jetpack_newsletter_tier_id":0,"_jetpack_memberships_contains_paywalled_content":false,"_jetpack_memberships_contains_paid_content":false,"footnotes":""},"categories":[22],"tags":[],"class_list":["post-48210","post","type-post","status-publish","format-standard","hentry","category-die-wende","entry"],"jetpack_featured_media_url":"","jetpack_shortlink":"https:\/\/wp.me\/pXEnA-cxA","jetpack-related-posts":[],"jetpack_sharing_enabled":true,"_links":{"self":[{"href":"https:\/\/www.kraftfuttermischwerk.de\/blogg\/wp-json\/wp\/v2\/posts\/48210","targetHints":{"allow":["GET"]}}],"collection":[{"href":"https:\/\/www.kraftfuttermischwerk.de\/blogg\/wp-json\/wp\/v2\/posts"}],"about":[{"href":"https:\/\/www.kraftfuttermischwerk.de\/blogg\/wp-json\/wp\/v2\/types\/post"}],"author":[{"embeddable":true,"href":"https:\/\/www.kraftfuttermischwerk.de\/blogg\/wp-json\/wp\/v2\/users\/1"}],"replies":[{"embeddable":true,"href":"https:\/\/www.kraftfuttermischwerk.de\/blogg\/wp-json\/wp\/v2\/comments?post=48210"}],"version-history":[{"count":0,"href":"https:\/\/www.kraftfuttermischwerk.de\/blogg\/wp-json\/wp\/v2\/posts\/48210\/revisions"}],"wp:attachment":[{"href":"https:\/\/www.kraftfuttermischwerk.de\/blogg\/wp-json\/wp\/v2\/media?parent=48210"}],"wp:term":[{"taxonomy":"category","embeddable":true,"href":"https:\/\/www.kraftfuttermischwerk.de\/blogg\/wp-json\/wp\/v2\/categories?post=48210"},{"taxonomy":"post_tag","embeddable":true,"href":"https:\/\/www.kraftfuttermischwerk.de\/blogg\/wp-json\/wp\/v2\/tags?post=48210"}],"curies":[{"name":"wp","href":"https:\/\/api.w.org\/{rel}","templated":true}]}}