{"id":4904,"date":"2009-04-13T12:25:29","date_gmt":"2009-04-13T10:25:29","guid":{"rendered":"http:\/\/www.kraftfuttermischwerk.de\/blogg\/?p=4904"},"modified":"2009-04-13T12:25:37","modified_gmt":"2009-04-13T10:25:37","slug":"dietochter-hat-mein-altes-vinyl-fuer-sich-endteckt","status":"publish","type":"post","link":"https:\/\/www.kraftfuttermischwerk.de\/blogg\/dietochter-hat-mein-altes-vinyl-fuer-sich-endteckt\/","title":{"rendered":"Die Tochter hat mein altes Vinyl f\u00fcr sich endteckt,"},"content":{"rendered":"<img decoding=\"async\" src=\"https:\/\/www.kraftfuttermischwerk.de\/blog\/vinylsch.jpg\" alt=\"\" \/><p>sie macht daraus jetzt&#8230; <em>Sch\u00fcsseln.<\/em><br \/><br \/>\nWie ich das finde, entscheide ich innerhalb der n\u00e4chsten Tage. Auf jeden Fall werde ich die Sch\u00e4tze der Sammlung verstecken m\u00fcssen.<\/p>\n","protected":false},"excerpt":{"rendered":"<p>sie macht daraus jetzt&#8230; Sch\u00fcsseln. Wie ich das finde, entscheide ich innerhalb der n\u00e4chsten Tage. Auf jeden Fall werde ich die Sch\u00e4tze der Sammlung verstecken&#8230;<\/p>\n<div class=\"more-link-wrapper\"><a class=\"more-link\" href=\"https:\/\/www.kraftfuttermischwerk.de\/blogg\/dietochter-hat-mein-altes-vinyl-fuer-sich-endteckt\/\">Mehr lesen -&gt;<span class=\"screen-reader-text\">Die Tochter hat mein altes Vinyl f\u00fcr sich endteckt,<\/span><\/a><\/div>\n","protected":false},"author":1,"featured_media":0,"comment_status":"open","ping_status":"open","sticky":false,"template":"","format":"standard","meta":{"jetpack_post_was_ever_published":false,"_jetpack_newsletter_access":"","_jetpack_dont_email_post_to_subs":false,"_jetpack_newsletter_tier_id":0,"_jetpack_memberships_contains_paywalled_content":false,"_jetpack_memberships_contains_paid_content":false,"footnotes":""},"categories":[1,8],"tags":[],"class_list":["post-4904","post","type-post","status-publish","format-standard","hentry","category-nur-mal-so","category-visuelles","entry"],"jetpack_featured_media_url":"","jetpack_shortlink":"https:\/\/wp.me\/pXEnA-1h6","jetpack-related-posts":[],"jetpack_sharing_enabled":true,"_links":{"self":[{"href":"https:\/\/www.kraftfuttermischwerk.de\/blogg\/wp-json\/wp\/v2\/posts\/4904","targetHints":{"allow":["GET"]}}],"collection":[{"href":"https:\/\/www.kraftfuttermischwerk.de\/blogg\/wp-json\/wp\/v2\/posts"}],"about":[{"href":"https:\/\/www.kraftfuttermischwerk.de\/blogg\/wp-json\/wp\/v2\/types\/post"}],"author":[{"embeddable":true,"href":"https:\/\/www.kraftfuttermischwerk.de\/blogg\/wp-json\/wp\/v2\/users\/1"}],"replies":[{"embeddable":true,"href":"https:\/\/www.kraftfuttermischwerk.de\/blogg\/wp-json\/wp\/v2\/comments?post=4904"}],"version-history":[{"count":0,"href":"https:\/\/www.kraftfuttermischwerk.de\/blogg\/wp-json\/wp\/v2\/posts\/4904\/revisions"}],"wp:attachment":[{"href":"https:\/\/www.kraftfuttermischwerk.de\/blogg\/wp-json\/wp\/v2\/media?parent=4904"}],"wp:term":[{"taxonomy":"category","embeddable":true,"href":"https:\/\/www.kraftfuttermischwerk.de\/blogg\/wp-json\/wp\/v2\/categories?post=4904"},{"taxonomy":"post_tag","embeddable":true,"href":"https:\/\/www.kraftfuttermischwerk.de\/blogg\/wp-json\/wp\/v2\/tags?post=4904"}],"curies":[{"name":"wp","href":"https:\/\/api.w.org\/{rel}","templated":true}]}}