{"id":4908,"date":"2009-04-13T20:25:12","date_gmt":"2009-04-13T18:25:12","guid":{"rendered":"http:\/\/www.kraftfuttermischwerk.de\/blogg\/?p=4908"},"modified":"2012-11-07T00:06:38","modified_gmt":"2012-11-06T23:06:38","slug":"fotos-aus-der-noch-ddr-von-1990","status":"publish","type":"post","link":"https:\/\/www.kraftfuttermischwerk.de\/blogg\/fotos-aus-der-noch-ddr-von-1990\/","title":{"rendered":"Fotos aus der Noch-DDR von 1990"},"content":{"rendered":"<p>einestages hat <a href=\"http:\/\/einestages.spiegel.de\/external\/ShowAuthorAlbumBackground\/a3832\/l0\/l0\/F.html#featuredEntry\">eine  kuhle Geschichte<\/a> \u00fcber den Essener <a href=\"http:\/\/www.jardner.de\/\">Karlheinz Jardner<\/a>, der im Fr\u00fchling 1990 durch die DDR reiste und diese Reise fotografisch dokumentierte, was diese Story zu einem echten Erlebnis macht. Jardner hat daf\u00fcr 45 Fotografien zur Verf\u00fcgung gestellt, die in einem fast bedr\u00fcckendem Ma\u00dfe die Tage der Wende dokumentieren. Grandiose Bilder, die mit ihrer Echtheit zu \u00fcberzeugen wissen. Genauso habe ich den Osten in verschwommener Erinnerung, wenn auch nicht ganz so bunt.<\/p>\n","protected":false},"excerpt":{"rendered":"<p>einestages hat eine kuhle Geschichte \u00fcber den Essener Karlheinz Jardner, der im Fr\u00fchling 1990 durch die DDR reiste und diese Reise fotografisch dokumentierte, was diese&#8230;<\/p>\n<div class=\"more-link-wrapper\"><a class=\"more-link\" href=\"https:\/\/www.kraftfuttermischwerk.de\/blogg\/fotos-aus-der-noch-ddr-von-1990\/\">Mehr lesen -&gt;<span class=\"screen-reader-text\">Fotos aus der Noch-DDR von 1990<\/span><\/a><\/div>\n","protected":false},"author":1,"featured_media":0,"comment_status":"open","ping_status":"open","sticky":false,"template":"","format":"standard","meta":{"jetpack_post_was_ever_published":false,"_jetpack_newsletter_access":"","_jetpack_dont_email_post_to_subs":false,"_jetpack_newsletter_tier_id":0,"_jetpack_memberships_contains_paywalled_content":false,"_jetpack_memberships_contains_paid_content":false,"footnotes":""},"categories":[1,8],"tags":[],"class_list":["post-4908","post","type-post","status-publish","format-standard","hentry","category-nur-mal-so","category-visuelles","entry"],"jetpack_featured_media_url":"","jetpack_shortlink":"https:\/\/wp.me\/pXEnA-1ha","jetpack-related-posts":[],"jetpack_sharing_enabled":true,"_links":{"self":[{"href":"https:\/\/www.kraftfuttermischwerk.de\/blogg\/wp-json\/wp\/v2\/posts\/4908","targetHints":{"allow":["GET"]}}],"collection":[{"href":"https:\/\/www.kraftfuttermischwerk.de\/blogg\/wp-json\/wp\/v2\/posts"}],"about":[{"href":"https:\/\/www.kraftfuttermischwerk.de\/blogg\/wp-json\/wp\/v2\/types\/post"}],"author":[{"embeddable":true,"href":"https:\/\/www.kraftfuttermischwerk.de\/blogg\/wp-json\/wp\/v2\/users\/1"}],"replies":[{"embeddable":true,"href":"https:\/\/www.kraftfuttermischwerk.de\/blogg\/wp-json\/wp\/v2\/comments?post=4908"}],"version-history":[{"count":0,"href":"https:\/\/www.kraftfuttermischwerk.de\/blogg\/wp-json\/wp\/v2\/posts\/4908\/revisions"}],"wp:attachment":[{"href":"https:\/\/www.kraftfuttermischwerk.de\/blogg\/wp-json\/wp\/v2\/media?parent=4908"}],"wp:term":[{"taxonomy":"category","embeddable":true,"href":"https:\/\/www.kraftfuttermischwerk.de\/blogg\/wp-json\/wp\/v2\/categories?post=4908"},{"taxonomy":"post_tag","embeddable":true,"href":"https:\/\/www.kraftfuttermischwerk.de\/blogg\/wp-json\/wp\/v2\/tags?post=4908"}],"curies":[{"name":"wp","href":"https:\/\/api.w.org\/{rel}","templated":true}]}}