{"id":49659,"date":"2013-03-03T15:50:23","date_gmt":"2013-03-03T14:50:23","guid":{"rendered":"http:\/\/www.kraftfuttermischwerk.de\/blogg\/?p=49659"},"modified":"2013-03-03T15:51:34","modified_gmt":"2013-03-03T14:51:34","slug":"doku-uber-das-leben-der-kids-im-markischen-viertel-berlin-wo-lang","status":"publish","type":"post","link":"https:\/\/www.kraftfuttermischwerk.de\/blogg\/doku-uber-das-leben-der-kids-im-markischen-viertel-berlin-wo-lang\/","title":{"rendered":"Doku \u00fcber das Leben der Kids im M\u00e4rkischen Viertel Berlin: Wo lang?"},"content":{"rendered":"<p>W\u00e4hrend meiner ersten Ausbildung zum Maler\/Lackierer lernte ich in meiner Berufsschule in der Sonnenallee, Neuk\u00f6lln, einen T\u00fcpen kennen, der seine Kindheit und Jugend im MV verbrachte. Er lebte schon Mitte der 90er den Gangster-Schei\u00df, der dann erst viel sp\u00e4ter endg\u00fcltig in deutsche Kinderzimmer einziehen sollte. Hip Hop, Dope ohne Ende, Gangs, Abziehen und trotzdem irgendwie einen Ehren-Kodex haben. Einerseits fand ich das sehr imponierend, andererseits fand ich dieses Getue v\u00f6llig albern. Aber er war eben so, meinte das ernst und machte sein Ding &#8211; Techno fand er v\u00f6llig beschissen.<\/p>\n<p>Sp\u00e4ter dann h\u00f6rte ich das dieser Sido auch aus dem M\u00e4rkischen Viertel kam. Seitdem musste ich \u00f6fter an diesen T\u00fcpen denken. Was er wohl macht? Ob er immer noch Pinsel qu\u00e4lt und mit Farbe kleckst? Ob er dieses Hip Hop Ding durchgezogen hat? So Fragen eben, die man sich dann eben so stellt.<\/p>\n<p>W\u00e4hrend im Jahr 2007 mit <em>&#8222;<a href=\"http:\/\/de.wikipedia.org\/wiki\/Prinzessinnenbad\">Prinzessinnenbad<\/a>&#8222;<\/em> ein Portrait \u00fcber die Kids in Kreuzberg in die Kinos kam und f\u00fcr ordentlich Beachtung sorgte, drehte <a href=\"http:\/\/maxkerkhoff.blogspot.de\/\">Max Kerkhoff<\/a> mit <em>&#8222;Wo lang?&#8220;<\/em> einen ganz \u00e4hnlich gelagerten Film \u00fcber die Kids des  M\u00e4rkischen Viertels in Berlin. Der fand offenbar nicht ganz so viel Beachtung und nachdem ich diesen gesehen habe, wei\u00df ich gar nicht mal, warum dem so ist, denn der ist toll und deshalb genau das richtige f\u00fcr einen Sonntagnachmittag.<\/p>\n<blockquote><p>Kevin und seine Freunde verbringen den Sommer in ihrem Viertel, dem M\u00e4rkischen Viertel, einem Berliner Au\u00dfenbezirk. Ihr Alltag wiederholt sich. Zwischen Tiefk\u00fchlpizza, Billigbier und Playstation dominieren Konflikte ihren Sommer. Konflikte mit den Nachbarn, dem Sicherheitsdienst, den Eltern, der Polizei, und Konflikte mit sich selbst. An der Schwelle zum Erwachsenwerden stellt sich f\u00fcr die Freunde die Frage: Wo lang?<\/p><\/blockquote>\n<p><iframe loading=\"lazy\" title=\"WO LANG? \/ WHERE TO? Berlin, M\u00e4rkisches Viertel. With English subtitles\" src=\"https:\/\/player.vimeo.com\/video\/60411183?dnt=1&amp;app_id=122963\" width=\"500\" height=\"281\" frameborder=\"0\" allow=\"autoplay; fullscreen; picture-in-picture; clipboard-write\"><\/iframe><br \/>\n<small>(<a href=\"http:\/\/vimeo.com\/60411183\">Direktlink<\/a>)<\/small><\/p>\n","protected":false},"excerpt":{"rendered":"<p>W\u00e4hrend meiner ersten Ausbildung zum Maler\/Lackierer lernte ich in meiner Berufsschule in der Sonnenallee, Neuk\u00f6lln, einen T\u00fcpen kennen, der seine Kindheit und Jugend im MV&#8230;<\/p>\n<div class=\"more-link-wrapper\"><a class=\"more-link\" href=\"https:\/\/www.kraftfuttermischwerk.de\/blogg\/doku-uber-das-leben-der-kids-im-markischen-viertel-berlin-wo-lang\/\">Mehr lesen -&gt;<span class=\"screen-reader-text\">Doku \u00fcber das Leben der Kids im M\u00e4rkischen Viertel Berlin: Wo lang?<\/span><\/a><\/div>\n","protected":false},"author":1,"featured_media":0,"comment_status":"open","ping_status":"open","sticky":false,"template":"","format":"standard","meta":{"jetpack_post_was_ever_published":false,"_jetpack_newsletter_access":"","_jetpack_dont_email_post_to_subs":false,"_jetpack_newsletter_tier_id":0,"_jetpack_memberships_contains_paywalled_content":false,"_jetpack_memberships_contains_paid_content":false,"footnotes":""},"categories":[19,6],"tags":[],"class_list":["post-49659","post","type-post","status-publish","format-standard","hentry","category-doku","category-alltaglicher-sinnwahn","entry"],"jetpack_featured_media_url":"","jetpack_shortlink":"https:\/\/wp.me\/pXEnA-cUX","jetpack-related-posts":[],"jetpack_sharing_enabled":true,"_links":{"self":[{"href":"https:\/\/www.kraftfuttermischwerk.de\/blogg\/wp-json\/wp\/v2\/posts\/49659","targetHints":{"allow":["GET"]}}],"collection":[{"href":"https:\/\/www.kraftfuttermischwerk.de\/blogg\/wp-json\/wp\/v2\/posts"}],"about":[{"href":"https:\/\/www.kraftfuttermischwerk.de\/blogg\/wp-json\/wp\/v2\/types\/post"}],"author":[{"embeddable":true,"href":"https:\/\/www.kraftfuttermischwerk.de\/blogg\/wp-json\/wp\/v2\/users\/1"}],"replies":[{"embeddable":true,"href":"https:\/\/www.kraftfuttermischwerk.de\/blogg\/wp-json\/wp\/v2\/comments?post=49659"}],"version-history":[{"count":0,"href":"https:\/\/www.kraftfuttermischwerk.de\/blogg\/wp-json\/wp\/v2\/posts\/49659\/revisions"}],"wp:attachment":[{"href":"https:\/\/www.kraftfuttermischwerk.de\/blogg\/wp-json\/wp\/v2\/media?parent=49659"}],"wp:term":[{"taxonomy":"category","embeddable":true,"href":"https:\/\/www.kraftfuttermischwerk.de\/blogg\/wp-json\/wp\/v2\/categories?post=49659"},{"taxonomy":"post_tag","embeddable":true,"href":"https:\/\/www.kraftfuttermischwerk.de\/blogg\/wp-json\/wp\/v2\/tags?post=49659"}],"curies":[{"name":"wp","href":"https:\/\/api.w.org\/{rel}","templated":true}]}}