{"id":51169,"date":"2013-04-02T19:18:03","date_gmt":"2013-04-02T17:18:03","guid":{"rendered":"http:\/\/www.kraftfuttermischwerk.de\/blogg\/?p=51169"},"modified":"2013-04-02T19:32:02","modified_gmt":"2013-04-02T17:32:02","slug":"motherland-uber-ein-madchen-in-einem-totalitaren-staat","status":"publish","type":"post","link":"https:\/\/www.kraftfuttermischwerk.de\/blogg\/motherland-uber-ein-madchen-in-einem-totalitaren-staat\/","title":{"rendered":"Motherland, \u00fcber ein M\u00e4dchen in einem totalit\u00e4ren Staat"},"content":{"rendered":"<p>Ziemlich tief <a href=\"http:\/\/www.motherland-movie.de\/\">reingehender Kurzfilm<\/a> von <a href=\"http:\/\/www.loneclone.de\/\">Hannes Appell<\/a>, den er als Diplomarbeit an der Filmakademie Baden-W\u00fcrttemberg abgegeben hat. <\/p>\n<blockquote><p>In a totalitarian propaganda world ruled from above, a girl can be all it takes to spark off a revolution and challenge the MOTHERLAND.<br \/>\nThe narrative and imagery of MOTHERLAND is based on stereotypic characters and motives that are abundant in propaganda art of the 1920s &#038; 1930s: The innocent child in need of protection by the heroic soldier, the benevolent ruler and the patriotic worker. They all live and serve for the nuturing mother state. In MOTHERLAND this original meaning has been turned on its head to reveal an underlying, terrifying truth behind the propaganda.<\/p><\/blockquote>\n<p><iframe loading=\"lazy\" title=\"MOTHERLAND | Mutterland\" src=\"https:\/\/player.vimeo.com\/video\/54680077?dnt=1&amp;app_id=122963\" width=\"500\" height=\"281\" frameborder=\"0\" allow=\"autoplay; fullscreen; picture-in-picture; clipboard-write\"><\/iframe><br \/>\n<small>(<a href=\"http:\/\/vimeo.com\/54680077\">Direktlink<\/a>)<\/small><\/p>\n","protected":false},"excerpt":{"rendered":"<p>Ziemlich tief reingehender Kurzfilm von Hannes Appell, den er als Diplomarbeit an der Filmakademie Baden-W\u00fcrttemberg abgegeben hat. In a totalitarian propaganda world ruled from above,&#8230;<\/p>\n<div class=\"more-link-wrapper\"><a class=\"more-link\" href=\"https:\/\/www.kraftfuttermischwerk.de\/blogg\/motherland-uber-ein-madchen-in-einem-totalitaren-staat\/\">Mehr lesen -&gt;<span class=\"screen-reader-text\">Motherland, \u00fcber ein M\u00e4dchen in einem totalit\u00e4ren Staat<\/span><\/a><\/div>\n","protected":false},"author":1,"featured_media":0,"comment_status":"open","ping_status":"open","sticky":false,"template":"","format":"standard","meta":{"jetpack_post_was_ever_published":false,"_jetpack_newsletter_access":"","_jetpack_dont_email_post_to_subs":false,"_jetpack_newsletter_tier_id":0,"_jetpack_memberships_contains_paywalled_content":false,"_jetpack_memberships_contains_paid_content":false,"footnotes":""},"categories":[6,8],"tags":[273,190,268],"class_list":["post-51169","post","type-post","status-publish","format-standard","hentry","category-alltaglicher-sinnwahn","category-visuelles","tag-hannes-appell","tag-politics","tag-short","entry"],"jetpack_featured_media_url":"","jetpack_shortlink":"https:\/\/wp.me\/pXEnA-djj","jetpack-related-posts":[],"jetpack_sharing_enabled":true,"_links":{"self":[{"href":"https:\/\/www.kraftfuttermischwerk.de\/blogg\/wp-json\/wp\/v2\/posts\/51169","targetHints":{"allow":["GET"]}}],"collection":[{"href":"https:\/\/www.kraftfuttermischwerk.de\/blogg\/wp-json\/wp\/v2\/posts"}],"about":[{"href":"https:\/\/www.kraftfuttermischwerk.de\/blogg\/wp-json\/wp\/v2\/types\/post"}],"author":[{"embeddable":true,"href":"https:\/\/www.kraftfuttermischwerk.de\/blogg\/wp-json\/wp\/v2\/users\/1"}],"replies":[{"embeddable":true,"href":"https:\/\/www.kraftfuttermischwerk.de\/blogg\/wp-json\/wp\/v2\/comments?post=51169"}],"version-history":[{"count":0,"href":"https:\/\/www.kraftfuttermischwerk.de\/blogg\/wp-json\/wp\/v2\/posts\/51169\/revisions"}],"wp:attachment":[{"href":"https:\/\/www.kraftfuttermischwerk.de\/blogg\/wp-json\/wp\/v2\/media?parent=51169"}],"wp:term":[{"taxonomy":"category","embeddable":true,"href":"https:\/\/www.kraftfuttermischwerk.de\/blogg\/wp-json\/wp\/v2\/categories?post=51169"},{"taxonomy":"post_tag","embeddable":true,"href":"https:\/\/www.kraftfuttermischwerk.de\/blogg\/wp-json\/wp\/v2\/tags?post=51169"}],"curies":[{"name":"wp","href":"https:\/\/api.w.org\/{rel}","templated":true}]}}