{"id":54924,"date":"2013-11-04T23:02:09","date_gmt":"2013-11-04T22:02:09","guid":{"rendered":"http:\/\/www.kraftfuttermischwerk.de\/blogg\/?p=54924"},"modified":"2013-11-04T23:03:26","modified_gmt":"2013-11-04T22:03:26","slug":"1800-besorgte-buerger-mit-und-fuer-die-npd-bei-einem-lichtellauf-im-erzgebirgischen-schneeberg","status":"publish","type":"post","link":"https:\/\/www.kraftfuttermischwerk.de\/blogg\/1800-besorgte-buerger-mit-und-fuer-die-npd-bei-einem-lichtellauf-im-erzgebirgischen-schneeberg\/","title":{"rendered":"1800 &#8222;Besorgte B\u00fcrger&#8220; mit und f\u00fcr die NPD  bei einem &#8222;Lichtellauf&#8220; im erzgebirgischen Schneeberg"},"content":{"rendered":"<p>Ein Spiegel TV Beitrag zu dem gestern zum zweiten Mal vom NPD-Funktion\u00e4rs Stefan Hartung  angemeldeten &#8222;Lichtellauf&#8220; im erzgebirgischen Schneeberg. Circa 1.800 Personen folgten dem Aufruf gegen eine Asylunterkunft in einer  ehemaligen Kaserne am Stadtrand und einem generellen &#8222;Asylmissbrauch&#8220;. Sp\u00e4testens bei &#8222;Wir sind das Volk&#8220; kommt mir mit der Wut auch gleich noch ein bisschen vom Abendbrot mit hoch. Mein Volk ist das nicht. Dass viele der dortigen Fl\u00fcchtlinge aus Krisen- oder gar Kriegsgebieten fl\u00fcchteten, weil sie keine Bomben auf den Kopf bekommen wollten, ficht die Knetbirnen nat\u00fcrlich wieder einmal nicht an. Die &#8222;teuren Handys&#8220; dagegen schon. Dass einem die aber bei einer etwaigen Explosion oder einem Schusswechsel allerdings nicht das Leben retten k\u00f6nnen, spielt da nat\u00fcrlich keinerlei Rolle. <\/p>\n<p>Nazis wollen die demonstrierenden  und &#8222;besorgten B\u00fcrger&#8220; nat\u00fcrlich alle nicht sein. Dass sie hier aber Seit an Seit und mit Geleit der NPD gegen Fl\u00fcchtlinge auf die Stra\u00dfe gehen, st\u00f6rt dort, wo der Ausl\u00e4nderanteil in der Bev\u00f6lkerung bei 0,7% liegt, wohl kaum jemanden. <\/p>\n<p>In Hamburg gingen w\u00e4hrenddessen mehr als 10.000 Menschen nicht nur f\u00fcr eine lebenswerte Stadt, <a href=\"http:\/\/www.publikative.org\/2013\/11\/03\/npd-demo-hurra-das-ganze-dorf-ist-da\/\">sondern auch konkret f\u00fcr die Rechte von Fl\u00fcchtlingen in ihrer Stadt auf die Stra\u00dfe<\/a>.<\/p>\n<p><iframe loading=\"lazy\" width=\"600\" scrolling=\"no\" height=\"338\" frameborder=\"0\" src=\"http:\/\/www.spiegel.tv\/filme\/schneeberg-hetze-gegen-asylbewerber\/embed\/\" name=\"sptv-embed\" marginwidth=\"0\" marginheight=\"0\"><br \/><\/iframe><br \/>\n<small>(<a href=\"http:\/\/www.spiegel.tv\/filme\/schneeberg-hetze-gegen-asylbewerber\">Direktlink<\/a>)<\/small><\/p>\n","protected":false},"excerpt":{"rendered":"<p>Ein Spiegel TV Beitrag zu dem gestern zum zweiten Mal vom NPD-Funktion\u00e4rs Stefan Hartung angemeldeten &#8222;Lichtellauf&#8220; im erzgebirgischen Schneeberg. Circa 1.800 Personen folgten dem Aufruf&#8230;<\/p>\n<div class=\"more-link-wrapper\"><a class=\"more-link\" href=\"https:\/\/www.kraftfuttermischwerk.de\/blogg\/1800-besorgte-buerger-mit-und-fuer-die-npd-bei-einem-lichtellauf-im-erzgebirgischen-schneeberg\/\">Mehr lesen -&gt;<span class=\"screen-reader-text\">1800 &#8222;Besorgte B\u00fcrger&#8220; mit und f\u00fcr die NPD  bei einem &#8222;Lichtellauf&#8220; im erzgebirgischen Schneeberg<\/span><\/a><\/div>\n","protected":false},"author":1,"featured_media":0,"comment_status":"open","ping_status":"open","sticky":false,"template":"","format":"standard","meta":{"jetpack_post_was_ever_published":false,"_jetpack_newsletter_access":"","_jetpack_dont_email_post_to_subs":false,"_jetpack_newsletter_tier_id":0,"_jetpack_memberships_contains_paywalled_content":false,"_jetpack_memberships_contains_paid_content":false,"footnotes":""},"categories":[6],"tags":[447,896,1034],"class_list":["post-54924","post","type-post","status-publish","format-standard","hentry","category-alltaglicher-sinnwahn","tag-nazis","tag-refugees","tag-schneeberg","entry"],"jetpack_featured_media_url":"","jetpack_shortlink":"https:\/\/wp.me\/pXEnA-ehS","jetpack-related-posts":[],"jetpack_sharing_enabled":true,"_links":{"self":[{"href":"https:\/\/www.kraftfuttermischwerk.de\/blogg\/wp-json\/wp\/v2\/posts\/54924","targetHints":{"allow":["GET"]}}],"collection":[{"href":"https:\/\/www.kraftfuttermischwerk.de\/blogg\/wp-json\/wp\/v2\/posts"}],"about":[{"href":"https:\/\/www.kraftfuttermischwerk.de\/blogg\/wp-json\/wp\/v2\/types\/post"}],"author":[{"embeddable":true,"href":"https:\/\/www.kraftfuttermischwerk.de\/blogg\/wp-json\/wp\/v2\/users\/1"}],"replies":[{"embeddable":true,"href":"https:\/\/www.kraftfuttermischwerk.de\/blogg\/wp-json\/wp\/v2\/comments?post=54924"}],"version-history":[{"count":4,"href":"https:\/\/www.kraftfuttermischwerk.de\/blogg\/wp-json\/wp\/v2\/posts\/54924\/revisions"}],"predecessor-version":[{"id":54929,"href":"https:\/\/www.kraftfuttermischwerk.de\/blogg\/wp-json\/wp\/v2\/posts\/54924\/revisions\/54929"}],"wp:attachment":[{"href":"https:\/\/www.kraftfuttermischwerk.de\/blogg\/wp-json\/wp\/v2\/media?parent=54924"}],"wp:term":[{"taxonomy":"category","embeddable":true,"href":"https:\/\/www.kraftfuttermischwerk.de\/blogg\/wp-json\/wp\/v2\/categories?post=54924"},{"taxonomy":"post_tag","embeddable":true,"href":"https:\/\/www.kraftfuttermischwerk.de\/blogg\/wp-json\/wp\/v2\/tags?post=54924"}],"curies":[{"name":"wp","href":"https:\/\/api.w.org\/{rel}","templated":true}]}}