{"id":573,"date":"2007-03-31T23:28:37","date_gmt":"2007-03-31T21:28:37","guid":{"rendered":"http:\/\/www.kraftfuttermischwerk.de\/blogg\/?p=573"},"modified":"2007-04-01T00:40:37","modified_gmt":"2007-03-31T22:40:37","slug":"mal-zum-aktuellem-spiegel-gedons","status":"publish","type":"post","link":"https:\/\/www.kraftfuttermischwerk.de\/blogg\/mal-zum-aktuellem-spiegel-gedons\/","title":{"rendered":"Mal zum aktuellem Spiegel-Ged\u00f6ns."},"content":{"rendered":"<p>Wor\u00fcber regen sich eigentlich alle auf. Dar\u00fcber, dass wir tats\u00e4chlich die M\u00f6glichkeit haben, Medien zu rezipieren, in denen ein jeder sein Recht wahrnimmt, seine Meinung auch frei zu \u00e4u\u00dfern? Auch dann, wenn ein Teil der Rezipienten diese Meinung nicht teilt? Dar\u00fcber, dass Schreiberlinge ihre Gedanken fixen ohne dar\u00fcber nachzudenken, wie es die Leute finden k\u00f6nnten, die das lesen? Oder dar\u00fcber, dass Leute eine Meinung publizieren, die Leser dazu zwingt, sich mit einem Thema intensiv auseinander zu setzen, \u00fcber die man sonst nicht so tiefgehend nachdenken w\u00fcrde, wenn man diesen Schei\u00df nicht lesen w\u00fcrde? Oder eben dar\u00fcber, dass Leute eine andere Meinung haben, die nicht \u00fcbel recherschiert ist, gut durchdacht und fundiert, auch wenn das Ergebniss dessen ein anderes ist, als man es selber gerne schreiben bzw. lesen wollen w\u00fcrde?<br \/>\nIch wei\u00df es nicht. Aber es geht hier nicht um eine billige Headline in der Bild. Es geht auch nicht um ein dreiseitiges Feature in einem Mag das nur \u00fcber &#8222;Fakten, Fakten, Fakten&#8220; schreiben will. Es geht darum, sich auch Dinge durchzulesen, die einen explizit dazu zwingen, sich mit dem auseinander zu setzen, was man liest. Ganz egal mit welcher Erkenntnis man daraus geht. keiner verlangt, dass man das was man da liest, auch als Einstellung \u00fcbernimmt. Wenn ich mir die letzten Tage im Netz so ansehe, ist doch genau das passiert. Der gute alte Spiegel erf\u00fcllt sein Funktion. So wie je her. Wer damit ein wirkliches Problem hat, sollte nicht ranten, sondern Focus lesen. Aber genau das will ja auch keiner so wirklich!<br \/>\nIch muss jetzt K\u00f6rbe werfen.<\/p>\n","protected":false},"excerpt":{"rendered":"<p>Wor\u00fcber regen sich eigentlich alle auf. Dar\u00fcber, dass wir tats\u00e4chlich die M\u00f6glichkeit haben, Medien zu rezipieren, in denen ein jeder sein Recht wahrnimmt, seine Meinung&#8230;<\/p>\n<div class=\"more-link-wrapper\"><a class=\"more-link\" href=\"https:\/\/www.kraftfuttermischwerk.de\/blogg\/mal-zum-aktuellem-spiegel-gedons\/\">Mehr lesen -&gt;<span class=\"screen-reader-text\">Mal zum aktuellem Spiegel-Ged\u00f6ns.<\/span><\/a><\/div>\n","protected":false},"author":1,"featured_media":0,"comment_status":"open","ping_status":"open","sticky":false,"template":"","format":"standard","meta":{"jetpack_post_was_ever_published":false,"_jetpack_newsletter_access":"","_jetpack_dont_email_post_to_subs":false,"_jetpack_newsletter_tier_id":0,"_jetpack_memberships_contains_paywalled_content":false,"_jetpack_memberships_contains_paid_content":false,"footnotes":""},"categories":[],"tags":[163],"class_list":["post-573","post","type-post","status-publish","format-standard","hentry","tag-forrest","entry"],"jetpack_featured_media_url":"","jetpack_shortlink":"https:\/\/wp.me\/pXEnA-9f","jetpack-related-posts":[],"jetpack_sharing_enabled":true,"_links":{"self":[{"href":"https:\/\/www.kraftfuttermischwerk.de\/blogg\/wp-json\/wp\/v2\/posts\/573","targetHints":{"allow":["GET"]}}],"collection":[{"href":"https:\/\/www.kraftfuttermischwerk.de\/blogg\/wp-json\/wp\/v2\/posts"}],"about":[{"href":"https:\/\/www.kraftfuttermischwerk.de\/blogg\/wp-json\/wp\/v2\/types\/post"}],"author":[{"embeddable":true,"href":"https:\/\/www.kraftfuttermischwerk.de\/blogg\/wp-json\/wp\/v2\/users\/1"}],"replies":[{"embeddable":true,"href":"https:\/\/www.kraftfuttermischwerk.de\/blogg\/wp-json\/wp\/v2\/comments?post=573"}],"version-history":[{"count":0,"href":"https:\/\/www.kraftfuttermischwerk.de\/blogg\/wp-json\/wp\/v2\/posts\/573\/revisions"}],"wp:attachment":[{"href":"https:\/\/www.kraftfuttermischwerk.de\/blogg\/wp-json\/wp\/v2\/media?parent=573"}],"wp:term":[{"taxonomy":"category","embeddable":true,"href":"https:\/\/www.kraftfuttermischwerk.de\/blogg\/wp-json\/wp\/v2\/categories?post=573"},{"taxonomy":"post_tag","embeddable":true,"href":"https:\/\/www.kraftfuttermischwerk.de\/blogg\/wp-json\/wp\/v2\/tags?post=573"}],"curies":[{"name":"wp","href":"https:\/\/api.w.org\/{rel}","templated":true}]}}