{"id":582,"date":"2007-04-02T21:34:44","date_gmt":"2007-04-02T19:34:44","guid":{"rendered":"http:\/\/www.kraftfuttermischwerk.de\/blogg\/?p=582"},"modified":"2007-04-02T21:37:01","modified_gmt":"2007-04-02T19:37:01","slug":"emi-kippt-digitalen-kopierschutz","status":"publish","type":"post","link":"https:\/\/www.kraftfuttermischwerk.de\/blogg\/emi-kippt-digitalen-kopierschutz\/","title":{"rendered":"EMI kippt digitalen Kopierschutz"},"content":{"rendered":"<p>Ja und nun sollte man feiern, oder wollen <a href=\"http:\/\/www.tagesschau.de\/aktuell\/meldungen\/0,,OID6581336_,00.html\">die sich nur selber mal feiern<\/a>, so als Vorreiter?<br \/>\nDie spinnen doch.<br \/>\nAber ein ganz ehrliche Frage besch\u00e4ftigt mich schon seit Wochen. Kann man, wenn man so ein mp3 gekauft hat und es nach drei Wochen nicht mehr h\u00f6ren will, es dann ohne weiteres weiterverkaufen. Ich meine, bei einer Platte oder einer CD geht das ja auch ohne Probleme und erlaubt ist es auch.<br \/>\nWei\u00df da jemand was? Ich h\u00e4tte da n\u00e4mlich eine mp3-Sammlung im Angebot. Der Preis w\u00e4re Verhandlungssache ;-)<\/p>\n","protected":false},"excerpt":{"rendered":"<p>Ja und nun sollte man feiern, oder wollen die sich nur selber mal feiern, so als Vorreiter? Die spinnen doch. Aber ein ganz ehrliche Frage&#8230;<\/p>\n<div class=\"more-link-wrapper\"><a class=\"more-link\" href=\"https:\/\/www.kraftfuttermischwerk.de\/blogg\/emi-kippt-digitalen-kopierschutz\/\">Mehr lesen -&gt;<span class=\"screen-reader-text\">EMI kippt digitalen Kopierschutz<\/span><\/a><\/div>\n","protected":false},"author":1,"featured_media":0,"comment_status":"open","ping_status":"open","sticky":false,"template":"","format":"standard","meta":{"jetpack_post_was_ever_published":false,"_jetpack_newsletter_access":"","_jetpack_dont_email_post_to_subs":false,"_jetpack_newsletter_tier_id":0,"_jetpack_memberships_contains_paywalled_content":false,"_jetpack_memberships_contains_paid_content":false,"footnotes":""},"categories":[6],"tags":[163],"class_list":["post-582","post","type-post","status-publish","format-standard","hentry","category-alltaglicher-sinnwahn","tag-forrest","entry"],"jetpack_featured_media_url":"","jetpack_shortlink":"https:\/\/wp.me\/pXEnA-9o","jetpack-related-posts":[],"jetpack_sharing_enabled":true,"_links":{"self":[{"href":"https:\/\/www.kraftfuttermischwerk.de\/blogg\/wp-json\/wp\/v2\/posts\/582","targetHints":{"allow":["GET"]}}],"collection":[{"href":"https:\/\/www.kraftfuttermischwerk.de\/blogg\/wp-json\/wp\/v2\/posts"}],"about":[{"href":"https:\/\/www.kraftfuttermischwerk.de\/blogg\/wp-json\/wp\/v2\/types\/post"}],"author":[{"embeddable":true,"href":"https:\/\/www.kraftfuttermischwerk.de\/blogg\/wp-json\/wp\/v2\/users\/1"}],"replies":[{"embeddable":true,"href":"https:\/\/www.kraftfuttermischwerk.de\/blogg\/wp-json\/wp\/v2\/comments?post=582"}],"version-history":[{"count":0,"href":"https:\/\/www.kraftfuttermischwerk.de\/blogg\/wp-json\/wp\/v2\/posts\/582\/revisions"}],"wp:attachment":[{"href":"https:\/\/www.kraftfuttermischwerk.de\/blogg\/wp-json\/wp\/v2\/media?parent=582"}],"wp:term":[{"taxonomy":"category","embeddable":true,"href":"https:\/\/www.kraftfuttermischwerk.de\/blogg\/wp-json\/wp\/v2\/categories?post=582"},{"taxonomy":"post_tag","embeddable":true,"href":"https:\/\/www.kraftfuttermischwerk.de\/blogg\/wp-json\/wp\/v2\/tags?post=582"}],"curies":[{"name":"wp","href":"https:\/\/api.w.org\/{rel}","templated":true}]}}