{"id":590,"date":"2007-04-04T13:24:07","date_gmt":"2007-04-04T11:24:07","guid":{"rendered":"http:\/\/www.kraftfuttermischwerk.de\/blogg\/?p=590"},"modified":"2007-04-04T13:25:15","modified_gmt":"2007-04-04T11:25:15","slug":"liebe-verdi","status":"publish","type":"post","link":"https:\/\/www.kraftfuttermischwerk.de\/blogg\/liebe-verdi\/","title":{"rendered":"Liebe Ver.di"},"content":{"rendered":"<p>Ich finde es wirklich sch\u00f6n, dass Ihr heute offenbar s\u00e4mtliche eurer Potsdamer Mitglieder, so um die 150, mobilisieren konntet um, f\u00fcr was auch immer, auf die Strasse zu gehen. Weniger sch\u00f6n finde ich allerdings, dass die dann die komplette Friedrich Ebert Str. in Beschlag nehmen mussten, h\u00e4tten sie doch alle auch locker auf dem Fussweg Platz gehabt. Meine Bahn n\u00e4mlich tuckelte deshalb hinter diesem H\u00e4ufchen Menschen her und ich verpasste fast meinen Bus.  Einige von den \u00fcberaus artigen Demonstranten hatten so wei\u00dfe M\u00fcllt\u00fcten \u00fcbergestreift, auf denen das Ver.di-Logo prangte. Auch hatten alle eine Rassel, die wohl prim\u00e4r dazu dienen soll, seiner Scham Herr zu werden, indem man diese in die Rassel kurbelt. Um was ging es eigentlich? Das n\u00e4mlich war nicht ersichtlich, was ich grunds\u00e4tzlich schonmal f\u00fcr d\u00e4mlich halte. Wenn keiner sieht, was ihr wollt, k\u00f6nnt ihr das gleich ganz sein lassen!<br \/>\nUnd wer generell daran glauben will, dass so ein Quatsch in der heutigen Zeit noch etwas bringen k\u00f6nnte, ausser einem Sechszeiler in irgendeinem Regionalblatt, hat entweder den Schuss nicht geh\u00f6rt, ist ein hoffnungsloser Idealist, ein hilfloser Klassenk\u00e4mpfer, oder einfach total bescheuert.<br \/>\nHabe meinen Bus gerade noch so bekommen.<br \/>\nAlso Ver.di: Weitermachen, wenn es dazu dient, dass gewerkschaftliche Gewissen zu beruhigen. Ausserdem sollen die armen L\u00e4mmer, die daf\u00fcr auch noch Beitr\u00e4ge zahlen, ja auch das Gef\u00fchl haben, dass diese nicht ganz umsonst abgedr\u00fcckt werden. Kleiner Tipp von mir: Das n\u00e4chste Mal einfach die 150 Leutchens direkt vor dem Bundestag auflaufen lassen. Das n\u00e4mlich macht sicher so richtig Eindruck und da blockiert Ihr auch keine Strassenbahnen, oder sowas.<\/p>\n","protected":false},"excerpt":{"rendered":"<p>Ich finde es wirklich sch\u00f6n, dass Ihr heute offenbar s\u00e4mtliche eurer Potsdamer Mitglieder, so um die 150, mobilisieren konntet um, f\u00fcr was auch immer, auf&#8230;<\/p>\n<div class=\"more-link-wrapper\"><a class=\"more-link\" href=\"https:\/\/www.kraftfuttermischwerk.de\/blogg\/liebe-verdi\/\">Mehr lesen -&gt;<span class=\"screen-reader-text\">Liebe Ver.di<\/span><\/a><\/div>\n","protected":false},"author":1,"featured_media":0,"comment_status":"open","ping_status":"open","sticky":false,"template":"","format":"standard","meta":{"jetpack_post_was_ever_published":false,"_jetpack_newsletter_access":"","_jetpack_dont_email_post_to_subs":false,"_jetpack_newsletter_tier_id":0,"_jetpack_memberships_contains_paywalled_content":false,"_jetpack_memberships_contains_paid_content":false,"footnotes":""},"categories":[6],"tags":[],"class_list":["post-590","post","type-post","status-publish","format-standard","hentry","category-alltaglicher-sinnwahn","entry"],"jetpack_featured_media_url":"","jetpack_shortlink":"https:\/\/wp.me\/pXEnA-9w","jetpack-related-posts":[],"jetpack_sharing_enabled":true,"_links":{"self":[{"href":"https:\/\/www.kraftfuttermischwerk.de\/blogg\/wp-json\/wp\/v2\/posts\/590","targetHints":{"allow":["GET"]}}],"collection":[{"href":"https:\/\/www.kraftfuttermischwerk.de\/blogg\/wp-json\/wp\/v2\/posts"}],"about":[{"href":"https:\/\/www.kraftfuttermischwerk.de\/blogg\/wp-json\/wp\/v2\/types\/post"}],"author":[{"embeddable":true,"href":"https:\/\/www.kraftfuttermischwerk.de\/blogg\/wp-json\/wp\/v2\/users\/1"}],"replies":[{"embeddable":true,"href":"https:\/\/www.kraftfuttermischwerk.de\/blogg\/wp-json\/wp\/v2\/comments?post=590"}],"version-history":[{"count":0,"href":"https:\/\/www.kraftfuttermischwerk.de\/blogg\/wp-json\/wp\/v2\/posts\/590\/revisions"}],"wp:attachment":[{"href":"https:\/\/www.kraftfuttermischwerk.de\/blogg\/wp-json\/wp\/v2\/media?parent=590"}],"wp:term":[{"taxonomy":"category","embeddable":true,"href":"https:\/\/www.kraftfuttermischwerk.de\/blogg\/wp-json\/wp\/v2\/categories?post=590"},{"taxonomy":"post_tag","embeddable":true,"href":"https:\/\/www.kraftfuttermischwerk.de\/blogg\/wp-json\/wp\/v2\/tags?post=590"}],"curies":[{"name":"wp","href":"https:\/\/api.w.org\/{rel}","templated":true}]}}