{"id":61251,"date":"2014-03-11T13:44:34","date_gmt":"2014-03-11T12:44:34","guid":{"rendered":"http:\/\/www.kraftfuttermischwerk.de\/blogg\/?p=61251"},"modified":"2014-03-11T13:44:34","modified_gmt":"2014-03-11T12:44:34","slug":"der-junge-ricardo-villalobos-an-den-congas","status":"publish","type":"post","link":"https:\/\/www.kraftfuttermischwerk.de\/blogg\/der-junge-ricardo-villalobos-an-den-congas\/","title":{"rendered":"Der junge Ricardo Villalobos an den Congas"},"content":{"rendered":"<p>Das der heute mitunter etwas kauzig erscheinende Villalobos schon sehr lange eine Schw\u00e4che f\u00fcr Techno pflegt ist kein Geheimnis, dass er diese allerdings schon in den fr\u00fchen 90ern an Congas nebst einem Live-Act rauslie\u00df, ist zumindest mir neu. Hier  1993 auf Party in Gro\u00dfzimmern. 23 war er damals.  &#8222;Ein Ausschnitt aus unserer TV-Sendung &#8222;Activ8&#8243;, die 1993 im Offenen Kanal Dortmund ausgestrahlt wurde.&#8220;<\/p>\n<p><span class=\"embed-youtube\" style=\"text-align:center; display: block;\"><iframe loading=\"lazy\" class=\"youtube-player\" width=\"640\" height=\"360\" src=\"https:\/\/www.youtube.com\/embed\/0GbasQ2RS9c?version=3&#038;rel=1&#038;showsearch=0&#038;showinfo=1&#038;iv_load_policy=1&#038;fs=1&#038;hl=de-DE&#038;autohide=2&#038;wmode=transparent\" allowfullscreen=\"true\" style=\"border:0;\" sandbox=\"allow-scripts allow-same-origin allow-popups allow-presentation allow-popups-to-escape-sandbox\"><\/iframe><\/span><br \/>\n<small>(<a href=\"http:\/\/youtu.be\/0GbasQ2RS9c\">Direktlink<\/a>, via <a href=\"http:\/\/www.factmag.com\/2014\/03\/11\/watch-ricardo-villalobos-play-conga-drums\/\">FACT<\/a>)<\/small><\/p>\n","protected":false},"excerpt":{"rendered":"<p>Das der heute mitunter etwas kauzig erscheinende Villalobos schon sehr lange eine Schw\u00e4che f\u00fcr Techno pflegt ist kein Geheimnis, dass er diese allerdings schon in&#8230;<\/p>\n<div class=\"more-link-wrapper\"><a class=\"more-link\" href=\"https:\/\/www.kraftfuttermischwerk.de\/blogg\/der-junge-ricardo-villalobos-an-den-congas\/\">Mehr lesen -&gt;<span class=\"screen-reader-text\">Der junge Ricardo Villalobos an den Congas<\/span><\/a><\/div>\n","protected":false},"author":1,"featured_media":61254,"comment_status":"open","ping_status":"open","sticky":false,"template":"","format":"standard","meta":{"jetpack_post_was_ever_published":false,"_jetpack_newsletter_access":"","_jetpack_dont_email_post_to_subs":false,"_jetpack_newsletter_tier_id":0,"_jetpack_memberships_contains_paywalled_content":false,"_jetpack_memberships_contains_paid_content":false,"footnotes":""},"categories":[1],"tags":[306,1266,1739],"class_list":["post-61251","post","type-post","status-publish","format-standard","has-post-thumbnail","hentry","category-nur-mal-so","tag-90s","tag-live-set","tag-ricardo-villalobos","entry"],"jetpack_featured_media_url":"https:\/\/www.kraftfuttermischwerk.de\/blogg\/wp-content\/uploads2\/2014\/03\/Bildschirmfoto-2014-03-11-um-13.34.56.png","jetpack_shortlink":"https:\/\/wp.me\/pXEnA-fVV","jetpack-related-posts":[],"jetpack_sharing_enabled":true,"_links":{"self":[{"href":"https:\/\/www.kraftfuttermischwerk.de\/blogg\/wp-json\/wp\/v2\/posts\/61251","targetHints":{"allow":["GET"]}}],"collection":[{"href":"https:\/\/www.kraftfuttermischwerk.de\/blogg\/wp-json\/wp\/v2\/posts"}],"about":[{"href":"https:\/\/www.kraftfuttermischwerk.de\/blogg\/wp-json\/wp\/v2\/types\/post"}],"author":[{"embeddable":true,"href":"https:\/\/www.kraftfuttermischwerk.de\/blogg\/wp-json\/wp\/v2\/users\/1"}],"replies":[{"embeddable":true,"href":"https:\/\/www.kraftfuttermischwerk.de\/blogg\/wp-json\/wp\/v2\/comments?post=61251"}],"version-history":[{"count":3,"href":"https:\/\/www.kraftfuttermischwerk.de\/blogg\/wp-json\/wp\/v2\/posts\/61251\/revisions"}],"predecessor-version":[{"id":61257,"href":"https:\/\/www.kraftfuttermischwerk.de\/blogg\/wp-json\/wp\/v2\/posts\/61251\/revisions\/61257"}],"wp:featuredmedia":[{"embeddable":true,"href":"https:\/\/www.kraftfuttermischwerk.de\/blogg\/wp-json\/wp\/v2\/media\/61254"}],"wp:attachment":[{"href":"https:\/\/www.kraftfuttermischwerk.de\/blogg\/wp-json\/wp\/v2\/media?parent=61251"}],"wp:term":[{"taxonomy":"category","embeddable":true,"href":"https:\/\/www.kraftfuttermischwerk.de\/blogg\/wp-json\/wp\/v2\/categories?post=61251"},{"taxonomy":"post_tag","embeddable":true,"href":"https:\/\/www.kraftfuttermischwerk.de\/blogg\/wp-json\/wp\/v2\/tags?post=61251"}],"curies":[{"name":"wp","href":"https:\/\/api.w.org\/{rel}","templated":true}]}}