{"id":615,"date":"2007-04-10T22:17:13","date_gmt":"2007-04-10T20:17:13","guid":{"rendered":"http:\/\/www.kraftfuttermischwerk.de\/blogg\/?p=615"},"modified":"2007-04-10T22:19:55","modified_gmt":"2007-04-10T20:19:55","slug":"wie-es-sein-muss-in-seinem-fahrendem-auto","status":"publish","type":"post","link":"https:\/\/www.kraftfuttermischwerk.de\/blogg\/wie-es-sein-muss-in-seinem-fahrendem-auto\/","title":{"rendered":"Wie es sein muss, in seinem fahrendem Auto&#8230;"},"content":{"rendered":"<p>von seinem Hinterrad \u00fcberholt zu werden, erkl\u00e4rt <a href=\"http:\/\/www.spiegel.de\/netzwelt\/web\/0,1518,476427,00.html\">Tim O&#8217;Reilly<\/a>.  Nur tangiert mich kein bisschen, was der Herr so denkt, weil ist ja mein Wohnzimmer und so. Was mir nicht passt fliegt raus, und der Rest kann gerne seinen Senf abgeben. Ob er das dann als Hasi, Mausi, Schnuckipupsi oder eben als Anonymous tut ist mit v\u00f6llig schnuppe.<br \/>\n<em>&#8222;Blogger sollen &#8222;nicht-akzeptable&#8220; Beitr\u00e4ge zensieren&#8230;&#8220;<\/em> Wie, bitte, definieren sich diese denn genau. Alles was nicht gegen Gesetzm\u00e4\u00dfigkeiten, oder die Menschlichkeit verst\u00f6\u00dft ist in meinen Augen akzeptabel, weil meinungs\u00e4ussernd.<br \/>\nUnd die Sache mit den Urheberrechten kapiere ich auch nicht so ganz. Jeder der in irgendeiner Form f\u00fcr etwaigen Inhalte verantwortlich ist, wird verlinkt, oder nicht? Noch fairer kann es doch eigentlich gar nicht zugehen. Wenn sich dennoch jemand auf den Schlips getreten f\u00fchlt, kann er das gerne \u00e4ussern und man tut was dagegen, ich tue was dagegen, wenn es mein Blog betrifft.<br \/>\nNaja, kl\u00e4rt ihr das mal alle auf der <a href=\"http:\/\/re-publica.de\/\">re:publica<\/a>. Ich bin Lack schn\u00fcffeln.<br \/>\nWarum die Altbackenen immer denken m\u00fcssen, sie h\u00e4tten ein Recht auf die Wahrheit, werde ich wohl nie verstehen. Muss ich ja auch nicht&#8230;<\/p>\n","protected":false},"excerpt":{"rendered":"<p>von seinem Hinterrad \u00fcberholt zu werden, erkl\u00e4rt Tim O&#8217;Reilly. Nur tangiert mich kein bisschen, was der Herr so denkt, weil ist ja mein Wohnzimmer und&#8230;<\/p>\n<div class=\"more-link-wrapper\"><a class=\"more-link\" href=\"https:\/\/www.kraftfuttermischwerk.de\/blogg\/wie-es-sein-muss-in-seinem-fahrendem-auto\/\">Mehr lesen -&gt;<span class=\"screen-reader-text\">Wie es sein muss, in seinem fahrendem Auto&#8230;<\/span><\/a><\/div>\n","protected":false},"author":1,"featured_media":0,"comment_status":"open","ping_status":"open","sticky":false,"template":"","format":"standard","meta":{"jetpack_post_was_ever_published":false,"_jetpack_newsletter_access":"","_jetpack_dont_email_post_to_subs":false,"_jetpack_newsletter_tier_id":0,"_jetpack_memberships_contains_paywalled_content":false,"_jetpack_memberships_contains_paid_content":false,"footnotes":""},"categories":[],"tags":[163],"class_list":["post-615","post","type-post","status-publish","format-standard","hentry","tag-forrest","entry"],"jetpack_featured_media_url":"","jetpack_shortlink":"https:\/\/wp.me\/pXEnA-9V","jetpack-related-posts":[],"jetpack_sharing_enabled":true,"_links":{"self":[{"href":"https:\/\/www.kraftfuttermischwerk.de\/blogg\/wp-json\/wp\/v2\/posts\/615","targetHints":{"allow":["GET"]}}],"collection":[{"href":"https:\/\/www.kraftfuttermischwerk.de\/blogg\/wp-json\/wp\/v2\/posts"}],"about":[{"href":"https:\/\/www.kraftfuttermischwerk.de\/blogg\/wp-json\/wp\/v2\/types\/post"}],"author":[{"embeddable":true,"href":"https:\/\/www.kraftfuttermischwerk.de\/blogg\/wp-json\/wp\/v2\/users\/1"}],"replies":[{"embeddable":true,"href":"https:\/\/www.kraftfuttermischwerk.de\/blogg\/wp-json\/wp\/v2\/comments?post=615"}],"version-history":[{"count":0,"href":"https:\/\/www.kraftfuttermischwerk.de\/blogg\/wp-json\/wp\/v2\/posts\/615\/revisions"}],"wp:attachment":[{"href":"https:\/\/www.kraftfuttermischwerk.de\/blogg\/wp-json\/wp\/v2\/media?parent=615"}],"wp:term":[{"taxonomy":"category","embeddable":true,"href":"https:\/\/www.kraftfuttermischwerk.de\/blogg\/wp-json\/wp\/v2\/categories?post=615"},{"taxonomy":"post_tag","embeddable":true,"href":"https:\/\/www.kraftfuttermischwerk.de\/blogg\/wp-json\/wp\/v2\/tags?post=615"}],"curies":[{"name":"wp","href":"https:\/\/api.w.org\/{rel}","templated":true}]}}