{"id":6249,"date":"2009-06-19T23:29:56","date_gmt":"2009-06-19T21:29:56","guid":{"rendered":"http:\/\/www.kraftfuttermischwerk.de\/blogg\/?p=6249"},"modified":"2009-06-19T23:29:56","modified_gmt":"2009-06-19T21:29:56","slug":"neue-kategorie-die-wende","status":"publish","type":"post","link":"https:\/\/www.kraftfuttermischwerk.de\/blogg\/neue-kategorie-die-wende\/","title":{"rendered":"Neue Kategorie: Die Wende"},"content":{"rendered":"<p><strong>Die Wende<\/strong> ist eine Zusammenfassung meiner g\u00e4nzlich subjektiven Erinnerungen aus dem Jahr 1989. Ich mache das, weil ich immer wieder feststelle, dass meine ganz pers\u00f6nliche Geschichte in den Medien keinen Platz findet. Keinen Platz finden kann. So, wie es tausenden anderen da drau\u00dfen wahrscheinlich auch geht. Ich habe in den letzten Jahren festgestellt, dass dem Erlebten \u00fcber die lange Zeit oftmals  die Details abhanden kommen. Wenn ich das aufschreibe aber, kehren sie zur\u00fcck. Einige zumindest. Diese w\u00fcrde ich gerne sammeln. Deshalb stehen sie hier drin. Au\u00dferdem ist \u201e20 Jahre danach\u201c ein irgendwie guter Zeitpunkt. <\/p>\n<p><strong>Die Wende<\/strong> wird hier in mehreren Teilen erscheinen, wobei ich noch nicht genau wei\u00df, welchen Umfang das Ganze schlussendlich  annehmen wird. <\/p>\n<p>Alle der hier  erz\u00e4hlten Geschichten basieren einzig auf den von mir pers\u00f6nlich gemachten Erfahrungen und erheben keinerlei Geltungsanspruch auf die Geschichtsschreibung dieses Landes zu dieser Zeit.<\/p>\n<p>Alle Namen werden ge\u00e4ndert, aber Stichw\u00f6rter in den Texten sollen helfen, dass sich vielleicht der ein oder andere, der Teil meiner Erinnerungen ist, \u00fcber eine Suchmaschine hierher verirrt.<\/p>\n","protected":false},"excerpt":{"rendered":"<p>Die Wende ist eine Zusammenfassung meiner g\u00e4nzlich subjektiven Erinnerungen aus dem Jahr 1989. Ich mache das, weil ich immer wieder feststelle, dass meine ganz pers\u00f6nliche&#8230;<\/p>\n<div class=\"more-link-wrapper\"><a class=\"more-link\" href=\"https:\/\/www.kraftfuttermischwerk.de\/blogg\/neue-kategorie-die-wende\/\">Mehr lesen -&gt;<span class=\"screen-reader-text\">Neue Kategorie: Die Wende<\/span><\/a><\/div>\n","protected":false},"author":1,"featured_media":0,"comment_status":"open","ping_status":"open","sticky":false,"template":"","format":"standard","meta":{"jetpack_post_was_ever_published":false,"_jetpack_newsletter_access":"","_jetpack_dont_email_post_to_subs":false,"_jetpack_newsletter_tier_id":0,"_jetpack_memberships_contains_paywalled_content":false,"_jetpack_memberships_contains_paid_content":false,"footnotes":""},"categories":[22],"tags":[],"class_list":["post-6249","post","type-post","status-publish","format-standard","hentry","category-die-wende","entry"],"jetpack_featured_media_url":"","jetpack_shortlink":"https:\/\/wp.me\/pXEnA-1CN","jetpack-related-posts":[],"jetpack_sharing_enabled":true,"_links":{"self":[{"href":"https:\/\/www.kraftfuttermischwerk.de\/blogg\/wp-json\/wp\/v2\/posts\/6249","targetHints":{"allow":["GET"]}}],"collection":[{"href":"https:\/\/www.kraftfuttermischwerk.de\/blogg\/wp-json\/wp\/v2\/posts"}],"about":[{"href":"https:\/\/www.kraftfuttermischwerk.de\/blogg\/wp-json\/wp\/v2\/types\/post"}],"author":[{"embeddable":true,"href":"https:\/\/www.kraftfuttermischwerk.de\/blogg\/wp-json\/wp\/v2\/users\/1"}],"replies":[{"embeddable":true,"href":"https:\/\/www.kraftfuttermischwerk.de\/blogg\/wp-json\/wp\/v2\/comments?post=6249"}],"version-history":[{"count":0,"href":"https:\/\/www.kraftfuttermischwerk.de\/blogg\/wp-json\/wp\/v2\/posts\/6249\/revisions"}],"wp:attachment":[{"href":"https:\/\/www.kraftfuttermischwerk.de\/blogg\/wp-json\/wp\/v2\/media?parent=6249"}],"wp:term":[{"taxonomy":"category","embeddable":true,"href":"https:\/\/www.kraftfuttermischwerk.de\/blogg\/wp-json\/wp\/v2\/categories?post=6249"},{"taxonomy":"post_tag","embeddable":true,"href":"https:\/\/www.kraftfuttermischwerk.de\/blogg\/wp-json\/wp\/v2\/tags?post=6249"}],"curies":[{"name":"wp","href":"https:\/\/api.w.org\/{rel}","templated":true}]}}