{"id":66840,"date":"2014-05-21T00:03:17","date_gmt":"2014-05-20T22:03:17","guid":{"rendered":"http:\/\/www.kraftfuttermischwerk.de\/blogg\/?p=66840"},"modified":"2014-05-21T00:03:17","modified_gmt":"2014-05-20T22:03:17","slug":"wer-nichts-wird-wird-wirt-ex-npd-chefhampel-holger-apfel-versucht-sich-als-wirt-auf-mallorca","status":"publish","type":"post","link":"https:\/\/www.kraftfuttermischwerk.de\/blogg\/wer-nichts-wird-wird-wirt-ex-npd-chefhampel-holger-apfel-versucht-sich-als-wirt-auf-mallorca\/","title":{"rendered":"Wer nichts wird, wird Wirt: Ex-NPD-Chefhampel Holger Apfel versucht sich als Wirt auf Mallorca"},"content":{"rendered":"<img loading=\"lazy\" decoding=\"async\" src=\"https:\/\/www.kraftfuttermischwerk.de\/blogg\/wp-content\/uploads2\/2014\/05\/Bildschirmfoto-2014-05-20-um-23.58.04.png\" alt=\"Bildschirmfoto 2014-05-20 um 23.58.04\" width=\"600\" height=\"332\" class=\"alignnone size-full wp-image-66842\" srcset=\"https:\/\/www.kraftfuttermischwerk.de\/blogg\/wp-content\/uploads2\/2014\/05\/Bildschirmfoto-2014-05-20-um-23.58.04.png 600w, https:\/\/www.kraftfuttermischwerk.de\/blogg\/wp-content\/uploads2\/2014\/05\/Bildschirmfoto-2014-05-20-um-23.58.04-300x166.png 300w\" sizes=\"auto, (max-width: 600px) 100vw, 600px\" \/><p><br \/>\n <small>(Foto unter <a href=\"https:\/\/creativecommons.org\/licenses\/by\/2.0\/deed.de\">CC<\/a> von <a href=\"https:\/\/www.flickr.com\/photos\/pauljill\/4828236327\/in\/photolist-dXzJRb-mSaxrc-ksewLi-6zT1V2-hPjKzf-cgtagA-2zQrR8-fDT8yb-fDT8uC-4UJ7bc-7X6jj2-a1zY6b-9SNtV-4oCSAx-8mDYrV-NRzjV-zvRYy-6CvwfE-7jJKPZ-6FZdrR-e3Jbr5-cPvWkS-4e4ie-52qnx-btvq7-76mwaP-5DzW4Z-j6z34K-e6RHe8-kPaE5j-6VXjgT-6FZcgP-NRS6G-cuvP49-f9cmsz-kFtPH-5voas-8XJeq5-NRDPd-5LeLxt-aDNvCA-7cm9iy-74zPqq-hK4S7p-8HATkd-gSZhV4-5wSq5W-3fbFSv-6w3Abb-y6d9A\/\">Paul and Jill<\/a>)<\/small><\/p>\n<p>Der fr\u00fchere NPD-Chef Holger Apfel hat jetzt auf Mallorca mit seiner Frau ein Restaurant mit dem sch\u00f6nen Namen  &#8222;Maravillas Stube&#8220; \u00fcbernommen. Klingt jetzt nicht wirklich nach Deutscher K\u00fcche, obwohl &#8222;Stube&#8220; einen die schon fast assoziieren l\u00e4sst. Passender aber w\u00e4re da ja eher &#8222;Zum Blockhaus&#8220; oder &#8222;Heimatstube&#8220; oder &#8222;Deutsches Haus&#8220; oder &#8222;Bierpinte&#8220; oder &#8222;Starke Eiche&#8220; oder &#8222;Deutscher Sch\u00e4ferhund&#8220; oder &#8222;Der Reichsadler&#8220; oder &#8222;Kartoffelhaus&#8220;. Wie auch immer.<\/p>\n<p>So richtig interkulturell kompetent allerdings will sein Herz auch in Spanien nicht schlagen, wie seine gedankengek\u00fcbelten \u00c4u\u00dferungen vermuten lassen:<\/p>\n<blockquote><p>Die &#8222;Maravillas Stube&#8220; solle deshalb weder ein Treffpunkt der rechten Szene, noch eine Anlaufstelle f\u00fcr rechte Schlachtenbummler werden. \u201eHier wird nicht politisiert, hier ist jeder willkommen, auch Linke oder Menschen anderer Nationalit\u00e4ten.&#8220; Wenn jemand sein Schnitzel aufgrund seiner politischen Vergangenheit lieber woanders statt bei ihm essen wolle, w\u00fcrde er das akzeptieren. \u201eWobei das Hier und Jetzt entscheidend sein sollte, nicht die Vergangenheit.&#8220; Zumal es auch Molotowcocktail-Werfer gegeben habe, die sp\u00e4ter Au\u00dfenminister wurden, f\u00fcgt er in Anspielung an den ehemaligen Gr\u00fcnen-Politiker Joschka Fischer hinzu.<\/p>\n<p>[&#8230;]<\/p>\n<p>Hinter so manchem Slogan aus dem Europawahlkampf der rechtsextremen Partei wie etwa \u201eMasseneinwanderung stoppen&#8220; steht Apfel hingegen immer noch. \u201eIn deutschen Ballungszentren muss kontrollierte Einwanderung durchaus ein Thema sein.&#8220; Und was ist mit der Playa de Palma, wo senegalesische Stra\u00dfenverk\u00e4ufer und nigerianische Prostituierte vor allem Hoteliers und Gastronomen, aber auch vielen Urlaubern ein Dorn im Auge sind? \u201eIch finde, dass die Stadt hier eine etwas seltsame Politik praktiziert&#8220;, sagt Apfel etwas unentschlossen. Die neue Verordnung f\u00fcr zivilisiertes Zusammenleben sei ja in weiten Teilen sinnvoll. \u201eAber dass jetzt nur noch die Freier bestraft werden, verstehe ich nicht, das ist ja quasi ein Freibrief f\u00fcr die Klau-Huren.&#8220;<\/p><\/blockquote>\n<p>Klingt jetzt nicht so nach seiner bisherigen Fassung integrationsbereit. Ich hoffe, der versteht Mallorca nicht als 17. Bundesland, welches es einzudeutschen gilt. Bei solchen Leuten wei\u00df man das ja nie so genau. Ein kleines bisschen w\u00fcnsche ich ihm aber auch, dass sie ihn wieder nach Hause schicken, wenn er nicht in zwei Jahren flie\u00dfendes Spanisch spricht. Schlie\u00dflich nimmt er den Spaniern dort Arbeitspl\u00e4tze weg, die Pfeife. <\/p>\n<p>Ich hoffe ja immer noch, das <a href=\"http:\/\/www.mallorcazeitung.es\/lokales\/2014\/05\/15\/fruherer-npd-chef-versucht-wirt\/31414.html\"> ist ein Satire-Artikel<\/a>.<br \/>\n<small>(via <a href=\"https:\/\/www.facebook.com\/extra3\/posts\/10152183676073918\">extra 3<\/a>)<\/small> <\/p>\n","protected":false},"excerpt":{"rendered":"<p>(Foto unter CC von Paul and Jill) Der fr\u00fchere NPD-Chef Holger Apfel hat jetzt auf Mallorca mit seiner Frau ein Restaurant mit dem sch\u00f6nen Namen&#8230;<\/p>\n<div class=\"more-link-wrapper\"><a class=\"more-link\" href=\"https:\/\/www.kraftfuttermischwerk.de\/blogg\/wer-nichts-wird-wird-wirt-ex-npd-chefhampel-holger-apfel-versucht-sich-als-wirt-auf-mallorca\/\">Mehr lesen -&gt;<span class=\"screen-reader-text\">Wer nichts wird, wird Wirt: Ex-NPD-Chefhampel Holger Apfel versucht sich als Wirt auf Mallorca<\/span><\/a><\/div>\n","protected":false},"author":1,"featured_media":0,"comment_status":"open","ping_status":"open","sticky":false,"template":"","format":"standard","meta":{"jetpack_post_was_ever_published":false,"_jetpack_newsletter_access":"","_jetpack_dont_email_post_to_subs":false,"_jetpack_newsletter_tier_id":0,"_jetpack_memberships_contains_paywalled_content":false,"_jetpack_memberships_contains_paid_content":false,"footnotes":""},"categories":[6],"tags":[2181,2182,447,463],"class_list":["post-66840","post","type-post","status-publish","format-standard","hentry","category-alltaglicher-sinnwahn","tag-holger-apfel","tag-mallorca","tag-nazis","tag-npd","entry"],"jetpack_featured_media_url":"","jetpack_shortlink":"https:\/\/wp.me\/pXEnA-ho4","jetpack-related-posts":[],"jetpack_sharing_enabled":true,"_links":{"self":[{"href":"https:\/\/www.kraftfuttermischwerk.de\/blogg\/wp-json\/wp\/v2\/posts\/66840","targetHints":{"allow":["GET"]}}],"collection":[{"href":"https:\/\/www.kraftfuttermischwerk.de\/blogg\/wp-json\/wp\/v2\/posts"}],"about":[{"href":"https:\/\/www.kraftfuttermischwerk.de\/blogg\/wp-json\/wp\/v2\/types\/post"}],"author":[{"embeddable":true,"href":"https:\/\/www.kraftfuttermischwerk.de\/blogg\/wp-json\/wp\/v2\/users\/1"}],"replies":[{"embeddable":true,"href":"https:\/\/www.kraftfuttermischwerk.de\/blogg\/wp-json\/wp\/v2\/comments?post=66840"}],"version-history":[{"count":5,"href":"https:\/\/www.kraftfuttermischwerk.de\/blogg\/wp-json\/wp\/v2\/posts\/66840\/revisions"}],"predecessor-version":[{"id":66846,"href":"https:\/\/www.kraftfuttermischwerk.de\/blogg\/wp-json\/wp\/v2\/posts\/66840\/revisions\/66846"}],"wp:attachment":[{"href":"https:\/\/www.kraftfuttermischwerk.de\/blogg\/wp-json\/wp\/v2\/media?parent=66840"}],"wp:term":[{"taxonomy":"category","embeddable":true,"href":"https:\/\/www.kraftfuttermischwerk.de\/blogg\/wp-json\/wp\/v2\/categories?post=66840"},{"taxonomy":"post_tag","embeddable":true,"href":"https:\/\/www.kraftfuttermischwerk.de\/blogg\/wp-json\/wp\/v2\/tags?post=66840"}],"curies":[{"name":"wp","href":"https:\/\/api.w.org\/{rel}","templated":true}]}}