{"id":68888,"date":"2014-06-19T00:06:20","date_gmt":"2014-06-18T22:06:20","guid":{"rendered":"http:\/\/www.kraftfuttermischwerk.de\/blogg\/?p=68888"},"modified":"2014-06-19T00:06:20","modified_gmt":"2014-06-18T22:06:20","slug":"bjoerk-kommt-ins-moma","status":"publish","type":"post","link":"https:\/\/www.kraftfuttermischwerk.de\/blogg\/bjoerk-kommt-ins-moma\/","title":{"rendered":"Bj\u00f6rk kommt ins MoMa"},"content":{"rendered":"<p>Und zwar ganz zu recht, wie ich finde. Das schafft auch mal wieder die M\u00f6glichkeit, das wom\u00f6glich beste Musikvideo meiner Lebenszeit hier reinzukleben. Es ist schon viel zu lange her, das mal wieder getan zu haben. Denn &#8222;All is full of Love&#8220;. Zumindest sollte das so sein. <\/p>\n<p><iframe loading=\"lazy\" title=\"All is Full of Love - Bjork         (Director:Chris Cunningham)\" src=\"https:\/\/player.vimeo.com\/video\/43444347?dnt=1&amp;app_id=122963\" width=\"500\" height=\"340\" frameborder=\"0\" allow=\"autoplay; fullscreen; picture-in-picture; clipboard-write\"><\/iframe><br \/>\n<small>(<a href=\"http:\/\/vimeo.com\/43444347\">Direktlink<\/a>)<\/small><\/p>\n<blockquote><p>As previously announced, Bj\u00f6rk\u2019s Biophilia app will be the first project of its kind to be added to the permanent collection at the Museum of Modern Art \u2014 and the museum is not stopping there.<\/p>\n<p>MoMA\u2019s Bj\u00f6rk exhibition will draw from more than two decades of music, film, visuals, instruments, costumes, performance and more, presenting a narrative by the artist and Icelandic writer Sj\u00f3n Sigurdsson that is combines the biographical and the fictional (naturally).<\/p>\n<p>\u201cBj\u00f6rk is an extraordinarily innovative artist whose contributions to contemporary music, video, film, fashion, and art have had a major impact on her generation worldwide,\u201d said MoMA\u2019s Klaus Biesenbach. \u201cThis highly experimental exhibition offers visitors a direct experience of her hugely collaborative body of work.\u201d<\/p>\n<p>The retrospective will also include a newly commissioned \u201cimmersive music and film experience\u201d concevied by directer Andrew Huang and 3D design firm Autodesk. Presented solely at MoMA, the exhibition will be on view from March 7 to June 7, 2015.<br \/>\n<small>(<a href=\"http:\/\/www.factmag.com\/2014\/06\/18\/bjork-retrospective-heads-to-museum-of-modern-art\/\">FACT<\/a>)<\/small><\/p>\n<\/blockquote>\n","protected":false},"excerpt":{"rendered":"<p>Und zwar ganz zu recht, wie ich finde. Das schafft auch mal wieder die M\u00f6glichkeit, das wom\u00f6glich beste Musikvideo meiner Lebenszeit hier reinzukleben. Es ist&#8230;<\/p>\n<div class=\"more-link-wrapper\"><a class=\"more-link\" href=\"https:\/\/www.kraftfuttermischwerk.de\/blogg\/bjoerk-kommt-ins-moma\/\">Mehr lesen -&gt;<span class=\"screen-reader-text\">Bj\u00f6rk kommt ins MoMa<\/span><\/a><\/div>\n","protected":false},"author":1,"featured_media":68889,"comment_status":"open","ping_status":"open","sticky":false,"template":"","format":"standard","meta":{"jetpack_post_was_ever_published":false,"_jetpack_newsletter_access":"","_jetpack_dont_email_post_to_subs":false,"_jetpack_newsletter_tier_id":0,"_jetpack_memberships_contains_paywalled_content":false,"_jetpack_memberships_contains_paid_content":false,"footnotes":""},"categories":[5],"tags":[924,2366,2367],"class_list":["post-68888","post","type-post","status-publish","format-standard","has-post-thumbnail","hentry","category-musik","tag-924","tag-bjoerk","tag-moma","entry"],"jetpack_featured_media_url":"https:\/\/www.kraftfuttermischwerk.de\/blogg\/wp-content\/uploads2\/2014\/06\/Bildschirmfoto-2014-06-18-um-23.56.48.png","jetpack_shortlink":"https:\/\/wp.me\/pXEnA-hV6","jetpack-related-posts":[],"jetpack_sharing_enabled":true,"_links":{"self":[{"href":"https:\/\/www.kraftfuttermischwerk.de\/blogg\/wp-json\/wp\/v2\/posts\/68888","targetHints":{"allow":["GET"]}}],"collection":[{"href":"https:\/\/www.kraftfuttermischwerk.de\/blogg\/wp-json\/wp\/v2\/posts"}],"about":[{"href":"https:\/\/www.kraftfuttermischwerk.de\/blogg\/wp-json\/wp\/v2\/types\/post"}],"author":[{"embeddable":true,"href":"https:\/\/www.kraftfuttermischwerk.de\/blogg\/wp-json\/wp\/v2\/users\/1"}],"replies":[{"embeddable":true,"href":"https:\/\/www.kraftfuttermischwerk.de\/blogg\/wp-json\/wp\/v2\/comments?post=68888"}],"version-history":[{"count":3,"href":"https:\/\/www.kraftfuttermischwerk.de\/blogg\/wp-json\/wp\/v2\/posts\/68888\/revisions"}],"predecessor-version":[{"id":68892,"href":"https:\/\/www.kraftfuttermischwerk.de\/blogg\/wp-json\/wp\/v2\/posts\/68888\/revisions\/68892"}],"wp:featuredmedia":[{"embeddable":true,"href":"https:\/\/www.kraftfuttermischwerk.de\/blogg\/wp-json\/wp\/v2\/media\/68889"}],"wp:attachment":[{"href":"https:\/\/www.kraftfuttermischwerk.de\/blogg\/wp-json\/wp\/v2\/media?parent=68888"}],"wp:term":[{"taxonomy":"category","embeddable":true,"href":"https:\/\/www.kraftfuttermischwerk.de\/blogg\/wp-json\/wp\/v2\/categories?post=68888"},{"taxonomy":"post_tag","embeddable":true,"href":"https:\/\/www.kraftfuttermischwerk.de\/blogg\/wp-json\/wp\/v2\/tags?post=68888"}],"curies":[{"name":"wp","href":"https:\/\/api.w.org\/{rel}","templated":true}]}}