{"id":70038,"date":"2014-07-10T14:00:16","date_gmt":"2014-07-10T12:00:16","guid":{"rendered":"http:\/\/www.kraftfuttermischwerk.de\/blogg\/?p=70038"},"modified":"2014-07-10T14:36:14","modified_gmt":"2014-07-10T12:36:14","slug":"das-meeresrausch-fesitval-durch-die-linse-von-fotograf-thomas-schlorke","status":"publish","type":"post","link":"https:\/\/www.kraftfuttermischwerk.de\/blogg\/das-meeresrausch-fesitval-durch-die-linse-von-fotograf-thomas-schlorke\/","title":{"rendered":"Das Meeresrausch Festival durch die Linse von Fotograf Thomas Schlorke"},"content":{"rendered":"<img loading=\"lazy\" decoding=\"async\" src=\"https:\/\/www.kraftfuttermischwerk.de\/blogg\/wp-content\/uploads2\/2014\/07\/RbRa-HOhWbjz0-Nlg6nmGeGHMMUmT96Zl7jPSkJIUQw.jpg\" alt=\"RbRa-HOhWbjz0-Nlg6nmGeGHMMUmT96Zl7jPSkJIUQw\" width=\"1200\" height=\"750\" class=\"alignnone size-full wp-image-70039\" srcset=\"https:\/\/www.kraftfuttermischwerk.de\/blogg\/wp-content\/uploads2\/2014\/07\/RbRa-HOhWbjz0-Nlg6nmGeGHMMUmT96Zl7jPSkJIUQw.jpg 1200w, https:\/\/www.kraftfuttermischwerk.de\/blogg\/wp-content\/uploads2\/2014\/07\/RbRa-HOhWbjz0-Nlg6nmGeGHMMUmT96Zl7jPSkJIUQw-300x187.jpg 300w, https:\/\/www.kraftfuttermischwerk.de\/blogg\/wp-content\/uploads2\/2014\/07\/RbRa-HOhWbjz0-Nlg6nmGeGHMMUmT96Zl7jPSkJIUQw-600x375.jpg 600w\" sizes=\"auto, (max-width: 1200px) 100vw, 1200px\" \/>\n<p>Thomas schreibt mir: <i>&#8222;Deine Begeisterung f\u00fcr das Meeresrausch-Festival kann ich sehr teilen!<br \/>\nIch bin Fotograf von Herzen und von Beruf und hatte da nat\u00fcrlich auch die Cam dabei &#8211; logisch ;]<\/p>\n<p>Neben dem Durchdrehen und L\u00f6cher in den Boden tanzen sind auch Bilder entstanden, die ich jetzt erst etwas streuen m\u00f6chte.&#8220;<\/i><\/p>\n<p>Seine Aufnahmen sind wirklich gro\u00dfartig und geben das Gef\u00fchl, welches man vor Ort mit sich tr\u00e4gt, sehr gut wieder. Hier die <a href=\"http:\/\/www.thomasschlorke.de\/gallery\/meeresrausch-festival\/\">Galerie bei Thomas<\/a>.<\/p>\n<img loading=\"lazy\" decoding=\"async\" src=\"http:\/\/www.thomasschlorke.de\/wp-content\/uploads\/2014\/07\/052_Meeresrauschen2014.jpg\" width=\"600\" height=\"375\" class=\"alignnone\" \/>\n<img loading=\"lazy\" decoding=\"async\" src=\"http:\/\/www.thomasschlorke.de\/wp-content\/uploads\/2014\/07\/122_Meeresrauschen2014.jpg\" width=\"600\" height=\"375\" class=\"alignnone\" \/>\n<img loading=\"lazy\" decoding=\"async\" src=\"http:\/\/www.thomasschlorke.de\/wp-content\/uploads\/2014\/07\/493_Meeresrauschen2014.jpg\" width=\"600\" height=\"375\" class=\"alignnone\" \/>\n<img loading=\"lazy\" decoding=\"async\" src=\"http:\/\/www.thomasschlorke.de\/wp-content\/uploads\/2014\/07\/530_Meeresrauschen2014.jpg\" width=\"600\" height=\"375\" class=\"alignnone\" \/>\n<img loading=\"lazy\" decoding=\"async\" src=\"http:\/\/www.thomasschlorke.de\/wp-content\/uploads\/2014\/07\/379_Meeresrauschen2014.jpg\" width=\"600\" height=\"375\" class=\"alignnone\" \/>\n<img loading=\"lazy\" decoding=\"async\" src=\"http:\/\/www.thomasschlorke.de\/wp-content\/uploads\/2014\/07\/336_Meeresrauschen2014.jpg\" width=\"600\" height=\"375\" class=\"alignnone\" \/>\n<img loading=\"lazy\" decoding=\"async\" src=\"http:\/\/www.thomasschlorke.de\/wp-content\/uploads\/2014\/07\/509_Meeresrauschen2014.jpg\" width=\"600\" height=\"375\" class=\"alignnone\" \/>\n<p>Wirklich toll!<\/p>\n","protected":false},"excerpt":{"rendered":"<p>Thomas schreibt mir: &#8222;Deine Begeisterung f\u00fcr das Meeresrausch-Festival kann ich sehr teilen! Ich bin Fotograf von Herzen und von Beruf und hatte da nat\u00fcrlich auch&#8230;<\/p>\n<div class=\"more-link-wrapper\"><a class=\"more-link\" href=\"https:\/\/www.kraftfuttermischwerk.de\/blogg\/das-meeresrausch-fesitval-durch-die-linse-von-fotograf-thomas-schlorke\/\">Mehr lesen -&gt;<span class=\"screen-reader-text\">Das Meeresrausch Festival durch die Linse von Fotograf Thomas Schlorke<\/span><\/a><\/div>\n","protected":false},"author":1,"featured_media":0,"comment_status":"open","ping_status":"open","sticky":false,"template":"","format":"standard","meta":{"jetpack_post_was_ever_published":false,"_jetpack_newsletter_access":"","_jetpack_dont_email_post_to_subs":false,"_jetpack_newsletter_tier_id":0,"_jetpack_memberships_contains_paywalled_content":false,"_jetpack_memberships_contains_paid_content":false,"footnotes":""},"categories":[8],"tags":[2400,2158,685,2479],"class_list":["post-70038","post","type-post","status-publish","format-standard","hentry","category-visuelles","tag-festivals","tag-meeresrausch","tag-photography","tag-thomas-schlorke","entry"],"jetpack_featured_media_url":"","jetpack_shortlink":"https:\/\/wp.me\/pXEnA-idE","jetpack-related-posts":[],"jetpack_sharing_enabled":true,"_links":{"self":[{"href":"https:\/\/www.kraftfuttermischwerk.de\/blogg\/wp-json\/wp\/v2\/posts\/70038","targetHints":{"allow":["GET"]}}],"collection":[{"href":"https:\/\/www.kraftfuttermischwerk.de\/blogg\/wp-json\/wp\/v2\/posts"}],"about":[{"href":"https:\/\/www.kraftfuttermischwerk.de\/blogg\/wp-json\/wp\/v2\/types\/post"}],"author":[{"embeddable":true,"href":"https:\/\/www.kraftfuttermischwerk.de\/blogg\/wp-json\/wp\/v2\/users\/1"}],"replies":[{"embeddable":true,"href":"https:\/\/www.kraftfuttermischwerk.de\/blogg\/wp-json\/wp\/v2\/comments?post=70038"}],"version-history":[{"count":6,"href":"https:\/\/www.kraftfuttermischwerk.de\/blogg\/wp-json\/wp\/v2\/posts\/70038\/revisions"}],"predecessor-version":[{"id":70045,"href":"https:\/\/www.kraftfuttermischwerk.de\/blogg\/wp-json\/wp\/v2\/posts\/70038\/revisions\/70045"}],"wp:attachment":[{"href":"https:\/\/www.kraftfuttermischwerk.de\/blogg\/wp-json\/wp\/v2\/media?parent=70038"}],"wp:term":[{"taxonomy":"category","embeddable":true,"href":"https:\/\/www.kraftfuttermischwerk.de\/blogg\/wp-json\/wp\/v2\/categories?post=70038"},{"taxonomy":"post_tag","embeddable":true,"href":"https:\/\/www.kraftfuttermischwerk.de\/blogg\/wp-json\/wp\/v2\/tags?post=70038"}],"curies":[{"name":"wp","href":"https:\/\/api.w.org\/{rel}","templated":true}]}}