{"id":74372,"date":"2014-09-30T08:51:58","date_gmt":"2014-09-30T06:51:58","guid":{"rendered":"http:\/\/www.kraftfuttermischwerk.de\/blogg\/?p=74372"},"modified":"2014-09-30T08:51:58","modified_gmt":"2014-09-30T06:51:58","slug":"30-09-1989-deutsche-botschaft-prag","status":"publish","type":"post","link":"https:\/\/www.kraftfuttermischwerk.de\/blogg\/30-09-1989-deutsche-botschaft-prag\/","title":{"rendered":"30.09.1989, Deutsche Botschaft Prag"},"content":{"rendered":"<p><span class=\"embed-youtube\" style=\"text-align:center; display: block;\"><iframe loading=\"lazy\" class=\"youtube-player\" width=\"640\" height=\"360\" src=\"https:\/\/www.youtube.com\/embed\/Qh9EwNurawE?version=3&#038;rel=1&#038;showsearch=0&#038;showinfo=1&#038;iv_load_policy=1&#038;fs=1&#038;hl=de-DE&#038;autohide=2&#038;wmode=transparent\" allowfullscreen=\"true\" style=\"border:0;\" sandbox=\"allow-scripts allow-same-origin allow-popups allow-presentation allow-popups-to-escape-sandbox\"><\/iframe><\/span><br \/>\n<small>(<a href=\"http:\/\/youtu.be\/Qh9EwNurawE\">Direktlink<\/a>)<\/small><\/p>\n<p>Es gibt viele Momente aus dem Sommer\/Herbst 1989 die mir bis heute in Erinnerung geblieben sind. Der Abend des 30.09.1989 hat sich besonders tief festgesetzt. Ich wei\u00df noch heute, wie ich den Auftritt von Genscher im Fernsehen sah. Er haute mich schlicht um, auch wenn ich damals nicht beschreiben h\u00e4tte k\u00f6nnen, was genau da in mir vorging. Das kann ich, glaube ich, bis heute nicht so ganz. <\/p>\n<p>Wir sahen zu Hause seit Wochen nur noch Westnachrichten. Nach den <a href=\"http:\/\/www.budapest.diplo.de\/Vertretung\/budapest\/de\/07__25J\/1-Chronik.html\">Ereignissen in Ungarn<\/a> hatten alle Angst, dass die Sache in Prag eskalieren k\u00f6nnte, aber es kam anders und alle wussten, dass ab da nichts mehr so sein w\u00fcrde wie bisher. Die Mauer sollte in ihrer Funktion keine zwei Monate mehr durchhalten. <\/p>\n<blockquote><p>Im Vorfeld der Revolutionen von 1989 wurde das Gel\u00e4nde der Botschaft als Zufluchtsort von Fl\u00fcchtlingen aus der DDR bekannt. Im Sommer jenes Jahres wagten es weitere DDR-B\u00fcrger, vom Prager Hauptbahnhof den Weg \u00fcber die Moldau hinweg in die bundesdeutsche Botschaft zu gehen. Am 19. August 1989 lebten rund 120 Fl\u00fcchtlinge dort, t\u00e4glich kamen 20 bis 50 weitere hinzu. Am 23. August schloss Botschafter Hermann Huber auf Weisung des Au\u00dfenamtes das Barockpalais f\u00fcr den Publikumsverkehr. Die Konsularabteilung wurde vor\u00fcbergehend in ein Prager Hotel verlegt, um den Botschaftsstatus aufrechterhalten zu k\u00f6nnen.<\/p>\n<p>Der Ansturm auf das Botschaftsgel\u00e4nde ging jedoch weiter, weitere Fl\u00fcchtlinge erzwangen sich Zutritt, teils an den nachl\u00e4ssiger werdenden tschechoslowakischen Polizisten vorbei durch das Tor, oder durch Klettern \u00fcber den Zaun, was teilweise zu Verletzungen f\u00fchrte. Im Park der Botschaft wurden Zelte und sanit\u00e4re Anlagen aufgestellt und sogar ein Schulbetrieb f\u00fcr die Kinder eingerichtet. Verlassene Fahrzeuge der Marken Trabant und Wartburg pr\u00e4gten das Bild der Umgebung; die DDR bem\u00fchte sich alsbald um einen Abtransport der stummen Zeugnisse. Die sanit\u00e4ren Bedingungen in der Botschaft spitzten sich im Laufe des Septembers zu, zeitweise hielten sich 4000 Fl\u00fcchtlinge gleichzeitig auf dem von Regenf\u00e4llen durchn\u00e4ssten Gel\u00e4nde auf. Hauptbesch\u00e4ftigung war das stundenlange Schlange stehen vor den WCs, in kn\u00f6cheltiefem Schlamm. Teils heftige Auseinandersetzungen fanden mit Personen statt, die man der Stasi-T\u00e4tigkeit verd\u00e4chtigte.<\/p>\n<p>Der damalige Bundesau\u00dfenminister Hans-Dietrich Genscher traf am Abend des 30. September 1989 ein. Er kam von Verhandlungen mit dem damaligen Au\u00dfenminister der Sowjetunion Eduard Schewardnadse und anderen am Rande der UN-Vollversammlung in New York. Versammelten Journalisten sagte er, er m\u00f6chte ihnen keine Mitteilung machen, da er zun\u00e4chst mit den Deutschen aus der DDR sprechen wolle. Um 18:58 Uhr gab er vom Balkon des Palais aus bekannt:<\/p>\n<p>\u201eLiebe Landsleute,<br \/>\nwir sind zu Ihnen gekommen,<br \/>\num Ihnen mitzuteilen,<br \/>\ndass heute Ihre Ausreise<br \/>\n(Tausendfacher Aufschrei und Jubel)<br \/>\n\u2026 in die Bundesrepublik Deutschland m\u00f6glich geworden ist.\u201c<\/p>\n<p>Das Satzende ging unter mit dem auf das Stichwort \u201eAusreise\u201c hin aufbrausenden Jubel der im Hof kampierenden, ausreisewilligen DDR-Fl\u00fcchtlinge.<br \/>\n<small>(<a href=\"http:\/\/de.wikipedia.org\/wiki\/Deutsche_Botschaft_Prag\">Wikipedia<\/a>)<\/small> <\/p><\/blockquote>\n<p>Hier die Tagesschau vom 30.09.1989.<\/p>\n<p><span class=\"embed-youtube\" style=\"text-align:center; display: block;\"><iframe loading=\"lazy\" class=\"youtube-player\" width=\"640\" height=\"360\" src=\"https:\/\/www.youtube.com\/embed\/_KkQ_nSPYik?version=3&#038;rel=1&#038;showsearch=0&#038;showinfo=1&#038;iv_load_policy=1&#038;fs=1&#038;hl=de-DE&#038;autohide=2&#038;wmode=transparent\" allowfullscreen=\"true\" style=\"border:0;\" sandbox=\"allow-scripts allow-same-origin allow-popups allow-presentation allow-popups-to-escape-sandbox\"><\/iframe><\/span><br \/>\n<small>(<a href=\"http:\/\/youtu.be\/_KkQ_nSPYik\">Direktlink<\/a>)<\/small><\/p>\n","protected":false},"excerpt":{"rendered":"<p>(Direktlink) Es gibt viele Momente aus dem Sommer\/Herbst 1989 die mir bis heute in Erinnerung geblieben sind. Der Abend des 30.09.1989 hat sich besonders tief&#8230;<\/p>\n<div class=\"more-link-wrapper\"><a class=\"more-link\" href=\"https:\/\/www.kraftfuttermischwerk.de\/blogg\/30-09-1989-deutsche-botschaft-prag\/\">Mehr lesen -&gt;<span class=\"screen-reader-text\">30.09.1989, Deutsche Botschaft Prag<\/span><\/a><\/div>\n","protected":false},"author":1,"featured_media":74375,"comment_status":"open","ping_status":"open","sticky":false,"template":"","format":"standard","meta":{"jetpack_post_was_ever_published":false,"_jetpack_newsletter_access":"","_jetpack_dont_email_post_to_subs":false,"_jetpack_newsletter_tier_id":0,"_jetpack_memberships_contains_paywalled_content":false,"_jetpack_memberships_contains_paid_content":false,"footnotes":""},"categories":[22,6],"tags":[299,1899,1069],"class_list":["post-74372","post","type-post","status-publish","format-standard","has-post-thumbnail","hentry","category-die-wende","category-alltaglicher-sinnwahn","tag-gdr","tag-prague","tag-the-wall","entry"],"jetpack_featured_media_url":"https:\/\/www.kraftfuttermischwerk.de\/blogg\/wp-content\/uploads2\/2014\/09\/Bildschirmfoto-2014-09-30-um-08.49.25.png","jetpack_shortlink":"https:\/\/wp.me\/pXEnA-jly","jetpack-related-posts":[],"jetpack_sharing_enabled":true,"_links":{"self":[{"href":"https:\/\/www.kraftfuttermischwerk.de\/blogg\/wp-json\/wp\/v2\/posts\/74372","targetHints":{"allow":["GET"]}}],"collection":[{"href":"https:\/\/www.kraftfuttermischwerk.de\/blogg\/wp-json\/wp\/v2\/posts"}],"about":[{"href":"https:\/\/www.kraftfuttermischwerk.de\/blogg\/wp-json\/wp\/v2\/types\/post"}],"author":[{"embeddable":true,"href":"https:\/\/www.kraftfuttermischwerk.de\/blogg\/wp-json\/wp\/v2\/users\/1"}],"replies":[{"embeddable":true,"href":"https:\/\/www.kraftfuttermischwerk.de\/blogg\/wp-json\/wp\/v2\/comments?post=74372"}],"version-history":[{"count":2,"href":"https:\/\/www.kraftfuttermischwerk.de\/blogg\/wp-json\/wp\/v2\/posts\/74372\/revisions"}],"predecessor-version":[{"id":74377,"href":"https:\/\/www.kraftfuttermischwerk.de\/blogg\/wp-json\/wp\/v2\/posts\/74372\/revisions\/74377"}],"wp:featuredmedia":[{"embeddable":true,"href":"https:\/\/www.kraftfuttermischwerk.de\/blogg\/wp-json\/wp\/v2\/media\/74375"}],"wp:attachment":[{"href":"https:\/\/www.kraftfuttermischwerk.de\/blogg\/wp-json\/wp\/v2\/media?parent=74372"}],"wp:term":[{"taxonomy":"category","embeddable":true,"href":"https:\/\/www.kraftfuttermischwerk.de\/blogg\/wp-json\/wp\/v2\/categories?post=74372"},{"taxonomy":"post_tag","embeddable":true,"href":"https:\/\/www.kraftfuttermischwerk.de\/blogg\/wp-json\/wp\/v2\/tags?post=74372"}],"curies":[{"name":"wp","href":"https:\/\/api.w.org\/{rel}","templated":true}]}}