{"id":75480,"date":"2014-10-16T22:06:43","date_gmt":"2014-10-16T20:06:43","guid":{"rendered":"http:\/\/www.kraftfuttermischwerk.de\/blogg\/?p=75480"},"modified":"2014-10-16T23:39:59","modified_gmt":"2014-10-16T21:39:59","slug":"egotronic-feat-crackhuren-chor-die-band-der-vollidioten-2014","status":"publish","type":"post","link":"https:\/\/www.kraftfuttermischwerk.de\/blogg\/egotronic-feat-crackhuren-chor-die-band-der-vollidioten-2014\/","title":{"rendered":"Egotronic feat. Crackhuren-Chor &#8211; Die Band der Vollidioten (2014)"},"content":{"rendered":"<p>Egotronic haben ihren Song vom letzten Jahr noch mal neu aufgelegt und ein neues Video dazu gemacht. Das machen sie nicht ohne Grund, wie ihr Begleittext dazu verlautbaren l\u00e4sst. Au\u00dferdem spielt Valli in dem Video mit und den kenne ich. Und noch au\u00dferdem ist die Melodie so wunderbar eing\u00e4ngig, da l\u00e4sst&#8217;s sich so sch\u00f6n mitsingen. Ha!<\/p>\n<blockquote><p>&#8222;Schon wieder diese Deutschrock-Band? Ist nicht alles gesagt worden zum Thema? Jeder konnte sich positionieren und zeigen, dass er oder sie auf der richtigen Seite steht und jetzt kann man doch auch mal wieder weiter zur n\u00e4chsten Facebook Diskussion ziehen? <\/p>\n<p>In der Tat gibt es gerade wichtigeres als die vier Italiener, die mit der Minderbemitteltheit ihrer Fans Millionen machen und es trotzdem immer noch schaffen, diesen einzureden, dass sie die ausgesto\u00dfenen Underdogs sind. Sie bedienen mit ihren Parolen die Vorurteile der Mehrheit, pr\u00e4sentieren sich aber als unterdr\u00fcckte Minderheit. Spielt man ihnen nicht in ihre H\u00e4nde, wenn man mit rationalen Argumenten versucht, dem v\u00f6lkischen Wahn, den sie verbreiten, entgegen zu treten? <\/p>\n<p>Etabliert sind sie sowieso schon lange. Man braucht sich nur das Lineup ihres Festivals anzugucken. Das ist nicht der rechte Rand der dort aufspielt. Das ist die Mitte dieser deutschen Gesellschaft. Gerade deswegen finden wir es wichtig, noch mal zu wiederholen, wie gef\u00e4hrlich diese Band ist. Auch wenn nicht sie das Problem ist, sondern der gesellschaftliche Mainstream, auf dem sie jedes Mal entspannt auf Platz Eins der deutschen Charts gleitet. <\/p>\n<p>Es geht nicht nur darum, dass jemand aus der Band mal organisierter Nazi war, es geht nicht nicht nur um das extrem nationalistische Milieu, aus dem die Band kommt und auf das sie sich immer wieder stolz bezieht. Es geht darum, dass sie nach wie vor in ihren Texten offen eine v\u00f6lkische Blut und Boden Ideologie besingen. Wer das toleriert oder verharmlost, sich nicht abgrenzt &#8211; oder gar noch versucht, daran Kohle zu verdienen &#8211; ist entweder komplett merkbefreit, besch\u00e4mend skrupellos oder sympathisiert selbst mit diesem rassistischen Weltbild. <\/p>\n<p>Diese Band hat auf coolen Festivals nichts verloren. Die Aktionen von Kraftklub und Jennifer Rostock waren trotzdem richtig. Jede Band und jeder Veranstalter kann sich nur ein Beispiel daran nehmen. Wir d\u00fcrfen uns mit Rassismus und Nationalismus niemals abfinden. <\/p>\n<p>Der Fuckfinger in Richtung dieser Band ist nicht nur eine Angelegenheit von Zecken, Punks und Antifas, sondern sollte von allen erhoben werden, die noch Anstand und Haltung haben und nicht vergessen haben, wozu dieser v\u00f6lkische Kult um Nation und Ahnentum in Deutschland f\u00fchren kann. Das w\u00fcrden wir uns w\u00fcnschen. Und diesen Wunsch &#8211; der leider nur ein Wunsch ist, aber noch nicht die Realit\u00e4t &#8211; wollten wir in diesem Video zeigen: Menschen quer durch alle gesellschaftlichen Schichten sprechen einen ganz banalen, aber doch wahren Satz aus: Das ist die Band der Vollidioten!&#8220;\n<\/p><\/blockquote>\n<p><span class=\"embed-youtube\" style=\"text-align:center; display: block;\"><iframe loading=\"lazy\" class=\"youtube-player\" width=\"640\" height=\"360\" src=\"https:\/\/www.youtube.com\/embed\/nAoLOq4vuqE?version=3&#038;rel=1&#038;showsearch=0&#038;showinfo=1&#038;iv_load_policy=1&#038;fs=1&#038;hl=de-DE&#038;autohide=2&#038;wmode=transparent\" allowfullscreen=\"true\" style=\"border:0;\" sandbox=\"allow-scripts allow-same-origin allow-popups allow-presentation allow-popups-to-escape-sandbox\"><\/iframe><\/span><br \/>\n<small>(<a href=\"http:\/\/youtu.be\/nAoLOq4vuqE\">Direktlink<\/a>, via <a href=\"http:\/\/torsun.blogsport.de\/2014\/10\/16\/die-band-der-vollidioten\/\">Torsun<\/a>)<\/small><\/p>\n<p>Guter und berechtigter Einwand mit Antwort auf den selbigen.<\/p>\n<img loading=\"lazy\" decoding=\"async\" src=\"https:\/\/www.kraftfuttermischwerk.de\/blogg\/wp-content\/uploads2\/2014\/10\/Bildschirmfoto-2014-10-16-um-22.05.51.png\" alt=\"Bildschirmfoto 2014-10-16 um 22.05.51\" width=\"688\" height=\"238\" class=\"alignnone size-full wp-image-75483\" srcset=\"https:\/\/www.kraftfuttermischwerk.de\/blogg\/wp-content\/uploads2\/2014\/10\/Bildschirmfoto-2014-10-16-um-22.05.51.png 688w, https:\/\/www.kraftfuttermischwerk.de\/blogg\/wp-content\/uploads2\/2014\/10\/Bildschirmfoto-2014-10-16-um-22.05.51-300x103.png 300w, https:\/\/www.kraftfuttermischwerk.de\/blogg\/wp-content\/uploads2\/2014\/10\/Bildschirmfoto-2014-10-16-um-22.05.51-600x207.png 600w\" sizes=\"auto, (max-width: 688px) 100vw, 688px\" \/>\n","protected":false},"excerpt":{"rendered":"<p>Egotronic haben ihren Song vom letzten Jahr noch mal neu aufgelegt und ein neues Video dazu gemacht. Das machen sie nicht ohne Grund, wie ihr&#8230;<\/p>\n<div class=\"more-link-wrapper\"><a class=\"more-link\" href=\"https:\/\/www.kraftfuttermischwerk.de\/blogg\/egotronic-feat-crackhuren-chor-die-band-der-vollidioten-2014\/\">Mehr lesen -&gt;<span class=\"screen-reader-text\">Egotronic feat. Crackhuren-Chor &#8211; Die Band der Vollidioten (2014)<\/span><\/a><\/div>\n","protected":false},"author":1,"featured_media":75481,"comment_status":"open","ping_status":"open","sticky":false,"template":"","format":"standard","meta":{"jetpack_post_was_ever_published":false,"_jetpack_newsletter_access":"","_jetpack_dont_email_post_to_subs":false,"_jetpack_newsletter_tier_id":0,"_jetpack_memberships_contains_paywalled_content":false,"_jetpack_memberships_contains_paid_content":false,"footnotes":""},"categories":[5,6],"tags":[3042,1624],"class_list":["post-75480","post","type-post","status-publish","format-standard","has-post-thumbnail","hentry","category-musik","category-alltaglicher-sinnwahn","tag-egotronic","tag-frei-wild","entry"],"jetpack_featured_media_url":"https:\/\/www.kraftfuttermischwerk.de\/blogg\/wp-content\/uploads2\/2014\/10\/Bildschirmfoto-2014-10-16-um-22.03.36.png","jetpack_shortlink":"https:\/\/wp.me\/pXEnA-jDq","jetpack-related-posts":[],"jetpack_sharing_enabled":true,"_links":{"self":[{"href":"https:\/\/www.kraftfuttermischwerk.de\/blogg\/wp-json\/wp\/v2\/posts\/75480","targetHints":{"allow":["GET"]}}],"collection":[{"href":"https:\/\/www.kraftfuttermischwerk.de\/blogg\/wp-json\/wp\/v2\/posts"}],"about":[{"href":"https:\/\/www.kraftfuttermischwerk.de\/blogg\/wp-json\/wp\/v2\/types\/post"}],"author":[{"embeddable":true,"href":"https:\/\/www.kraftfuttermischwerk.de\/blogg\/wp-json\/wp\/v2\/users\/1"}],"replies":[{"embeddable":true,"href":"https:\/\/www.kraftfuttermischwerk.de\/blogg\/wp-json\/wp\/v2\/comments?post=75480"}],"version-history":[{"count":4,"href":"https:\/\/www.kraftfuttermischwerk.de\/blogg\/wp-json\/wp\/v2\/posts\/75480\/revisions"}],"predecessor-version":[{"id":75494,"href":"https:\/\/www.kraftfuttermischwerk.de\/blogg\/wp-json\/wp\/v2\/posts\/75480\/revisions\/75494"}],"wp:featuredmedia":[{"embeddable":true,"href":"https:\/\/www.kraftfuttermischwerk.de\/blogg\/wp-json\/wp\/v2\/media\/75481"}],"wp:attachment":[{"href":"https:\/\/www.kraftfuttermischwerk.de\/blogg\/wp-json\/wp\/v2\/media?parent=75480"}],"wp:term":[{"taxonomy":"category","embeddable":true,"href":"https:\/\/www.kraftfuttermischwerk.de\/blogg\/wp-json\/wp\/v2\/categories?post=75480"},{"taxonomy":"post_tag","embeddable":true,"href":"https:\/\/www.kraftfuttermischwerk.de\/blogg\/wp-json\/wp\/v2\/tags?post=75480"}],"curies":[{"name":"wp","href":"https:\/\/api.w.org\/{rel}","templated":true}]}}