{"id":76291,"date":"2014-10-30T23:47:34","date_gmt":"2014-10-30T22:47:34","guid":{"rendered":"http:\/\/www.kraftfuttermischwerk.de\/blogg\/?p=76291"},"modified":"2014-10-31T00:53:59","modified_gmt":"2014-10-30T23:53:59","slug":"immobilienmakler-drohen-mit-streik","status":"publish","type":"post","link":"https:\/\/www.kraftfuttermischwerk.de\/blogg\/immobilienmakler-drohen-mit-streik\/","title":{"rendered":"Immobilienmakler drohen mit Streik"},"content":{"rendered":"<img loading=\"lazy\" decoding=\"async\" src=\"http:\/\/media.giphy.com\/media\/QtQF63jPA6eR2\/giphy.gif\" width=\"600\" height=\"262\" class=\"alignnone\" \/>\n<p>Ich kenne kaum einen Beruf, den ich f\u00fcr \u00fcberfl\u00fcssiger halte, als den eines Immobilienmaklers. Weil Beruf ja im besten Fall auch immer was mit Arbeit im Sinne von Arbeit zu tun haben sollte. Die Makler selber sehen das nat\u00fcrlich naturgem\u00e4\u00df anders. Nun sollen (endlich) die Auftraggeber von Maklern f\u00fcr die &#8222;T\u00e4tigkeiten&#8220; von Maklern zahlen und nicht mehr jene, die auf der Suche nach Wohnraum jeglicher Art und manchmal auch auf diesen angewiesen sind. Das finden die Makler irgendwie voll doof und wollen in den Streik treten. Ich loliere, weil ich mich gerade frage, ob das \u00fcberhaupt irgendwer sp\u00fcren w\u00fcrde. Und ich loliere nicht allein. <\/p>\n<blockquote><p><a href=\"http:\/\/www.sueddeutsche.de\/wirtschaft\/bestellerprinzip-makler-drohen-mit-streik-und-ernten-spott-1.2198185\">Wer einen Immobilienmakler beauftragt, soll ihn auch bezahlen. Dieses Bestellerprinzip gilt ab 2015. Die Makler f\u00fcrchten um ihre Existenz. Ein Verband droht nun mit Streik &#8211; und erntet Spott. Auch von Maklern<\/a>.<\/p><\/blockquote>\n","protected":false},"excerpt":{"rendered":"<p>Ich kenne kaum einen Beruf, den ich f\u00fcr \u00fcberfl\u00fcssiger halte, als den eines Immobilienmaklers. Weil Beruf ja im besten Fall auch immer was mit Arbeit&#8230;<\/p>\n<div class=\"more-link-wrapper\"><a class=\"more-link\" href=\"https:\/\/www.kraftfuttermischwerk.de\/blogg\/immobilienmakler-drohen-mit-streik\/\">Mehr lesen -&gt;<span class=\"screen-reader-text\">Immobilienmakler drohen mit Streik<\/span><\/a><\/div>\n","protected":false},"author":1,"featured_media":76294,"comment_status":"open","ping_status":"open","sticky":false,"template":"","format":"standard","meta":{"jetpack_post_was_ever_published":false,"_jetpack_newsletter_access":"","_jetpack_dont_email_post_to_subs":false,"_jetpack_newsletter_tier_id":0,"_jetpack_memberships_contains_paywalled_content":false,"_jetpack_memberships_contains_paid_content":false,"footnotes":""},"categories":[6],"tags":[146],"class_list":["post-76291","post","type-post","status-publish","format-standard","has-post-thumbnail","hentry","category-alltaglicher-sinnwahn","tag-crap","entry"],"jetpack_featured_media_url":"https:\/\/www.kraftfuttermischwerk.de\/blogg\/wp-content\/uploads2\/2014\/10\/Bildschirmfoto-2014-10-30-um-23.46.55.png","jetpack_shortlink":"https:\/\/wp.me\/pXEnA-jQv","jetpack-related-posts":[],"jetpack_sharing_enabled":true,"_links":{"self":[{"href":"https:\/\/www.kraftfuttermischwerk.de\/blogg\/wp-json\/wp\/v2\/posts\/76291","targetHints":{"allow":["GET"]}}],"collection":[{"href":"https:\/\/www.kraftfuttermischwerk.de\/blogg\/wp-json\/wp\/v2\/posts"}],"about":[{"href":"https:\/\/www.kraftfuttermischwerk.de\/blogg\/wp-json\/wp\/v2\/types\/post"}],"author":[{"embeddable":true,"href":"https:\/\/www.kraftfuttermischwerk.de\/blogg\/wp-json\/wp\/v2\/users\/1"}],"replies":[{"embeddable":true,"href":"https:\/\/www.kraftfuttermischwerk.de\/blogg\/wp-json\/wp\/v2\/comments?post=76291"}],"version-history":[{"count":4,"href":"https:\/\/www.kraftfuttermischwerk.de\/blogg\/wp-json\/wp\/v2\/posts\/76291\/revisions"}],"predecessor-version":[{"id":76298,"href":"https:\/\/www.kraftfuttermischwerk.de\/blogg\/wp-json\/wp\/v2\/posts\/76291\/revisions\/76298"}],"wp:featuredmedia":[{"embeddable":true,"href":"https:\/\/www.kraftfuttermischwerk.de\/blogg\/wp-json\/wp\/v2\/media\/76294"}],"wp:attachment":[{"href":"https:\/\/www.kraftfuttermischwerk.de\/blogg\/wp-json\/wp\/v2\/media?parent=76291"}],"wp:term":[{"taxonomy":"category","embeddable":true,"href":"https:\/\/www.kraftfuttermischwerk.de\/blogg\/wp-json\/wp\/v2\/categories?post=76291"},{"taxonomy":"post_tag","embeddable":true,"href":"https:\/\/www.kraftfuttermischwerk.de\/blogg\/wp-json\/wp\/v2\/tags?post=76291"}],"curies":[{"name":"wp","href":"https:\/\/api.w.org\/{rel}","templated":true}]}}