{"id":76527,"date":"2014-11-03T12:46:24","date_gmt":"2014-11-03T11:46:24","guid":{"rendered":"http:\/\/www.kraftfuttermischwerk.de\/blogg\/?p=76527"},"modified":"2014-11-03T13:53:01","modified_gmt":"2014-11-03T12:53:01","slug":"zentrum-fuer-politische-schoenheit-crowfundet-den-abriss-der-eu-aussengrenzen","status":"publish","type":"post","link":"https:\/\/www.kraftfuttermischwerk.de\/blogg\/zentrum-fuer-politische-schoenheit-crowfundet-den-abriss-der-eu-aussengrenzen\/","title":{"rendered":"Zentrum f\u00fcr Politische Sch\u00f6nheit  crowdfundet den Abriss der EU-Au\u00dfengrenzen"},"content":{"rendered":"<img loading=\"lazy\" decoding=\"async\" src=\"https:\/\/www.kraftfuttermischwerk.de\/blogg\/wp-content\/uploads2\/2014\/11\/Bildschirmfoto-2014-11-03-um-12.43.12.png\" alt=\"Bildschirmfoto 2014-11-03 um 12.43.12\" width=\"601\" height=\"334\" class=\"alignnone size-full wp-image-76529\" srcset=\"https:\/\/www.kraftfuttermischwerk.de\/blogg\/wp-content\/uploads2\/2014\/11\/Bildschirmfoto-2014-11-03-um-12.43.12.png 601w, https:\/\/www.kraftfuttermischwerk.de\/blogg\/wp-content\/uploads2\/2014\/11\/Bildschirmfoto-2014-11-03-um-12.43.12-300x166.png 300w, https:\/\/www.kraftfuttermischwerk.de\/blogg\/wp-content\/uploads2\/2014\/11\/Bildschirmfoto-2014-11-03-um-12.43.12-600x333.png 600w\" sizes=\"auto, (max-width: 601px) 100vw, 601px\" \/>\n<p>Ziemlich kurzfristige Angelegenheit, wie mir scheint, es sieht aber so aus, als ob da trotzdem was draus werden k\u00f6nnte. Das <a href=\"http:\/\/www.politicalbeauty.de\/\">Zentrum f\u00fcr Politische Sch\u00f6nheit<\/a> l\u00e4sst sich \u00fcber <a href=\"https:\/\/www.indiegogo.com\/projects\/erster-europaischer-mauerfall\">eine Crowdfunding-Kampagne<\/a> gerade mindestens einen Bus finanzieren, der Menschen an die EU-Au\u00dfengrenze bringen soll, die dort dann den neuen eisernen Vorhang \u00f6ffnen wollen. Wer m\u00f6chte, kann sich anmelden und auch mitfahren. <\/p>\n<blockquote>\n<p>&#8222;Am kommenden Wochenende wird dem Mauerfall zum 25. Mal gedacht. Aber 25 Jahre nach dem deutschen Mauerfall sind Europas Grenzen dicht. Zehntausende Menschen ertrinken, dehydrieren und kentern an Europas Au\u00dfenmauern. Fl\u00fcchtlinge klammern sich unter Radachsen, um nach Europa zu gelangen. <\/p>\n<p>W\u00e4hrend sich Politiker aller Parteien am 9. November in den Armen liegen und das Ende der m\u00f6rderischen innerdeutschen Mauer feiern, haben Sie die viel m\u00f6rderischeren Au\u00dfenmauern Europas finanziert. Diesem Verrat nimmt sich das Zentrum f\u00fcr Politische Sch\u00f6nheit an. R\u00fccken wir den illegalen Mauerbauten in der Europ\u00e4ischen Union zu Leibe.<\/p>\n<p>Europa feiert den Fall der Mauer und betreibt \u2013 als h\u00e4tte die Geschichte nichts mit der Wirklichkeit zu tun \u2013 die eigene Selbsteinmauerung auf hohem Niveau und unter Hochdruck. Die neuen Stacheldrahtmauern Bulgariens und Griechenlands wurden rechtswidrig unter Bruch des internationalen V\u00f6lkerrechts auf europ\u00e4ischen Boden gebaut. Damit sich das Unrecht nicht festsetzt, ist es wichtig, es jetzt wieder abzurei\u00dfen! Nicht durch die Politik, sondern durch den Druck einer mutigen Zivilgesellschaft wurde die innerdeutsche Mauer por\u00f6s, die 28 Jahre lang als un\u00fcberwindlich galt.<\/p>\n<p>Bei Erreichen des Spendenziels entkommt am 7. November 2014 um 13 Uhr ein Bus dem deutschen Gedenkkartell und f\u00e4hrt die Vorhut einer zweiten Friedlichen Revolution an die europ\u00e4ische Au\u00dfenmauer. Dort werden wir zum 25. Jahrestag des Mauerfalls mit dem Abbau der europ\u00e4ischen Grenzanlagen beginnen. \u2013 Ein Akt politischer Sch\u00f6nheit und die einzige Form, in der sich das Jubil\u00e4um w\u00fcrdig &#8222;feiern&#8220; l\u00e4sst. Jede und jeder kann mitfahren. Die Teilnehmerinnen und Teilnehmer d\u00fcrfen sich am Abriss der europ\u00e4ischen Au\u00dfengrenzen beteiligen und ein St\u00fcck Au\u00dfenzaun mitnehmen.&#8220;<\/p><\/blockquote>\n<p><span class=\"embed-youtube\" style=\"text-align:center; display: block;\"><iframe loading=\"lazy\" class=\"youtube-player\" width=\"640\" height=\"360\" src=\"https:\/\/www.youtube.com\/embed\/pty0yNPeubk?version=3&#038;rel=1&#038;showsearch=0&#038;showinfo=1&#038;iv_load_policy=1&#038;fs=1&#038;hl=de-DE&#038;autohide=2&#038;wmode=transparent\" allowfullscreen=\"true\" style=\"border:0;\" sandbox=\"allow-scripts allow-same-origin allow-popups allow-presentation allow-popups-to-escape-sandbox\"><\/iframe><\/span><br \/>\n<small>(<a href=\"http:\/\/youtu.be\/pty0yNPeubk\">Direktlink<\/a>, via <a href=\"https:\/\/twitter.com\/metronaut\/status\/529189440691122176\">Metronaut<\/a>)<\/small><\/p>\n","protected":false},"excerpt":{"rendered":"<p>Ziemlich kurzfristige Angelegenheit, wie mir scheint, es sieht aber so aus, als ob da trotzdem was draus werden k\u00f6nnte. Das Zentrum f\u00fcr Politische Sch\u00f6nheit l\u00e4sst&#8230;<\/p>\n<div class=\"more-link-wrapper\"><a class=\"more-link\" href=\"https:\/\/www.kraftfuttermischwerk.de\/blogg\/zentrum-fuer-politische-schoenheit-crowfundet-den-abriss-der-eu-aussengrenzen\/\">Mehr lesen -&gt;<span class=\"screen-reader-text\">Zentrum f\u00fcr Politische Sch\u00f6nheit  crowdfundet den Abriss der EU-Au\u00dfengrenzen<\/span><\/a><\/div>\n","protected":false},"author":1,"featured_media":76529,"comment_status":"open","ping_status":"open","sticky":false,"template":"","format":"standard","meta":{"jetpack_post_was_ever_published":false,"_jetpack_newsletter_access":"","_jetpack_dont_email_post_to_subs":false,"_jetpack_newsletter_tier_id":0,"_jetpack_memberships_contains_paywalled_content":false,"_jetpack_memberships_contains_paid_content":false,"footnotes":""},"categories":[6],"tags":[3120,3119,894,1069],"class_list":["post-76527","post","type-post","status-publish","format-standard","has-post-thumbnail","hentry","category-alltaglicher-sinnwahn","tag-activism","tag-eu-border","tag-protest","tag-the-wall","entry"],"jetpack_featured_media_url":"https:\/\/www.kraftfuttermischwerk.de\/blogg\/wp-content\/uploads2\/2014\/11\/Bildschirmfoto-2014-11-03-um-12.43.12.png","jetpack_shortlink":"https:\/\/wp.me\/pXEnA-jUj","jetpack-related-posts":[],"jetpack_sharing_enabled":true,"_links":{"self":[{"href":"https:\/\/www.kraftfuttermischwerk.de\/blogg\/wp-json\/wp\/v2\/posts\/76527","targetHints":{"allow":["GET"]}}],"collection":[{"href":"https:\/\/www.kraftfuttermischwerk.de\/blogg\/wp-json\/wp\/v2\/posts"}],"about":[{"href":"https:\/\/www.kraftfuttermischwerk.de\/blogg\/wp-json\/wp\/v2\/types\/post"}],"author":[{"embeddable":true,"href":"https:\/\/www.kraftfuttermischwerk.de\/blogg\/wp-json\/wp\/v2\/users\/1"}],"replies":[{"embeddable":true,"href":"https:\/\/www.kraftfuttermischwerk.de\/blogg\/wp-json\/wp\/v2\/comments?post=76527"}],"version-history":[{"count":5,"href":"https:\/\/www.kraftfuttermischwerk.de\/blogg\/wp-json\/wp\/v2\/posts\/76527\/revisions"}],"predecessor-version":[{"id":76535,"href":"https:\/\/www.kraftfuttermischwerk.de\/blogg\/wp-json\/wp\/v2\/posts\/76527\/revisions\/76535"}],"wp:featuredmedia":[{"embeddable":true,"href":"https:\/\/www.kraftfuttermischwerk.de\/blogg\/wp-json\/wp\/v2\/media\/76529"}],"wp:attachment":[{"href":"https:\/\/www.kraftfuttermischwerk.de\/blogg\/wp-json\/wp\/v2\/media?parent=76527"}],"wp:term":[{"taxonomy":"category","embeddable":true,"href":"https:\/\/www.kraftfuttermischwerk.de\/blogg\/wp-json\/wp\/v2\/categories?post=76527"},{"taxonomy":"post_tag","embeddable":true,"href":"https:\/\/www.kraftfuttermischwerk.de\/blogg\/wp-json\/wp\/v2\/tags?post=76527"}],"curies":[{"name":"wp","href":"https:\/\/api.w.org\/{rel}","templated":true}]}}