{"id":77721,"date":"2014-11-18T15:06:11","date_gmt":"2014-11-18T14:06:11","guid":{"rendered":"http:\/\/www.kraftfuttermischwerk.de\/blogg\/?p=77721"},"modified":"2014-11-18T15:06:11","modified_gmt":"2014-11-18T14:06:11","slug":"bremen-hauben-sollen-polizei-vor-spuck-attacken-schuetzen","status":"publish","type":"post","link":"https:\/\/www.kraftfuttermischwerk.de\/blogg\/bremen-hauben-sollen-polizei-vor-spuck-attacken-schuetzen\/","title":{"rendered":"Bremen: Hauben sollen Polizei vor Spuck-Attacken sch\u00fctzen"},"content":{"rendered":"<p>Ich nehme mal die \u00dcberschrift von SpOn, weil ich nur diese lesend erst dachte, die Polizei w\u00fcrde da zuk\u00fcnftig mit Hauben auf dem Kopf rumlaufen. &#8222;Nun ja, sieht ganz sch\u00f6n bl\u00f6de aus&#8220;, dachte ich erst, ich Trottelchen. Jetzt erst peile ich, dass die Hauben nicht f\u00fcr die Beamten, sondern <a href=\"http:\/\/www.spiegel.de\/panorama\/spuckhauben-baumwolltueten-sollen-bremer-polizei-vor-speichel-schuetzen-a-1003502.html\">f\u00fcr die Festgenommenen sein soll<\/a>. <\/p>\n<blockquote><p>Bremens Innensenator Ulrich M\u00e4urer (SPD) hatte schon vor zwei Jahren die Anschaffung angek\u00fcndigt, darauf entbrannte eine heftige Debatte. Vergleiche mit Guantanamo und Afghanistan wurden gezogen. Das kann Senator M\u00e4urer nicht nachvollziehen. &#8222;Ich halte die Hauben f\u00fcr verh\u00e4ltnism\u00e4\u00dfig und angemessen&#8220;, sagt er. Sie d\u00fcrfen nicht pr\u00e4ventiv eingesetzt werden, sondern nur, wenn der Festgenommene bereits gespuckt hat oder als notorischer Spucker bekannt ist.<\/p><\/blockquote>\n<p>Mit was die Polizei heute so zu k\u00e4mpfen hat&#8230;<br \/>\n<small>(via <a href=\"http:\/\/blog.todamax.net\/2014\/neusprech-des-tages-spuckhauben\/\">Max<\/a>)<\/small><\/p>\n","protected":false},"excerpt":{"rendered":"<p>Ich nehme mal die \u00dcberschrift von SpOn, weil ich nur diese lesend erst dachte, die Polizei w\u00fcrde da zuk\u00fcnftig mit Hauben auf dem Kopf rumlaufen.&#8230;<\/p>\n<div class=\"more-link-wrapper\"><a class=\"more-link\" href=\"https:\/\/www.kraftfuttermischwerk.de\/blogg\/bremen-hauben-sollen-polizei-vor-spuck-attacken-schuetzen\/\">Mehr lesen -&gt;<span class=\"screen-reader-text\">Bremen: Hauben sollen Polizei vor Spuck-Attacken sch\u00fctzen<\/span><\/a><\/div>\n","protected":false},"author":1,"featured_media":0,"comment_status":"open","ping_status":"open","sticky":false,"template":"","format":"standard","meta":{"jetpack_post_was_ever_published":false,"_jetpack_newsletter_access":"","_jetpack_dont_email_post_to_subs":false,"_jetpack_newsletter_tier_id":0,"_jetpack_memberships_contains_paywalled_content":false,"_jetpack_memberships_contains_paid_content":false,"footnotes":""},"categories":[6],"tags":[1349,215],"class_list":["post-77721","post","type-post","status-publish","format-standard","hentry","category-alltaglicher-sinnwahn","tag-bremen","tag-cops","entry"],"jetpack_featured_media_url":"","jetpack_shortlink":"https:\/\/wp.me\/pXEnA-kdz","jetpack-related-posts":[],"jetpack_sharing_enabled":true,"_links":{"self":[{"href":"https:\/\/www.kraftfuttermischwerk.de\/blogg\/wp-json\/wp\/v2\/posts\/77721","targetHints":{"allow":["GET"]}}],"collection":[{"href":"https:\/\/www.kraftfuttermischwerk.de\/blogg\/wp-json\/wp\/v2\/posts"}],"about":[{"href":"https:\/\/www.kraftfuttermischwerk.de\/blogg\/wp-json\/wp\/v2\/types\/post"}],"author":[{"embeddable":true,"href":"https:\/\/www.kraftfuttermischwerk.de\/blogg\/wp-json\/wp\/v2\/users\/1"}],"replies":[{"embeddable":true,"href":"https:\/\/www.kraftfuttermischwerk.de\/blogg\/wp-json\/wp\/v2\/comments?post=77721"}],"version-history":[{"count":2,"href":"https:\/\/www.kraftfuttermischwerk.de\/blogg\/wp-json\/wp\/v2\/posts\/77721\/revisions"}],"predecessor-version":[{"id":77724,"href":"https:\/\/www.kraftfuttermischwerk.de\/blogg\/wp-json\/wp\/v2\/posts\/77721\/revisions\/77724"}],"wp:attachment":[{"href":"https:\/\/www.kraftfuttermischwerk.de\/blogg\/wp-json\/wp\/v2\/media?parent=77721"}],"wp:term":[{"taxonomy":"category","embeddable":true,"href":"https:\/\/www.kraftfuttermischwerk.de\/blogg\/wp-json\/wp\/v2\/categories?post=77721"},{"taxonomy":"post_tag","embeddable":true,"href":"https:\/\/www.kraftfuttermischwerk.de\/blogg\/wp-json\/wp\/v2\/tags?post=77721"}],"curies":[{"name":"wp","href":"https:\/\/api.w.org\/{rel}","templated":true}]}}