{"id":79366,"date":"2014-12-12T09:45:20","date_gmt":"2014-12-12T08:45:20","guid":{"rendered":"http:\/\/www.kraftfuttermischwerk.de\/blogg\/?p=79366"},"modified":"2014-12-12T10:11:07","modified_gmt":"2014-12-12T09:11:07","slug":"bei-nuernberg-drei-fluechtlingsunterkuenfte-in-brand-gesteckt","status":"publish","type":"post","link":"https:\/\/www.kraftfuttermischwerk.de\/blogg\/bei-nuernberg-drei-fluechtlingsunterkuenfte-in-brand-gesteckt\/","title":{"rendered":"Bei N\u00fcrnberg drei Fl\u00fcchtlingsunterk\u00fcnfte in Brand gesteckt"},"content":{"rendered":"\n<p>Die Neunziger haben angerufen: <a href=\"http:\/\/www.zeit.de\/politik\/deutschland\/2014-12\/fluechtlingsunterkuenfte-bayern-brand\">die Arschl\u00f6cher sind noch lange nicht Geschichte<\/a>.  Ganz im Gegenteil. Bestimmt diese &#8222;besorgten B\u00fcrger&#8220;, die alle &#8222;Ich bin kein Nazi, aber&#8230;&#8220; sagen und schreiben.<\/p>\n<blockquote><p>In drei noch unbewohnten Fl\u00fcchtlingsunterk\u00fcnften im N\u00fcrnberger Land hat es gebrannt. Die Staatsschutzabteilung der Polizei ermittelt wegen des Verdachts auf Brandstiftung.     <\/p>\n<p>An einem der Geb\u00e4ude im mittelfr\u00e4nkischen Vorra wurden nach Angaben der Polizei auch Hakenkreuze und andere fremdenfeindliche Schmierereien entdeckt. Die Geb\u00e4ude \u2013 eine leerstehende Gastst\u00e4tte, eine Scheune und ein leerstehendes Wohnhaus \u2013 waren umgebaut worden und sollten Fl\u00fcchtlingen als Unterkunft dienen.<\/p><\/blockquote>\n<p>Derweil auf SpOn.<\/p>\n<img loading=\"lazy\" decoding=\"async\" src=\"https:\/\/www.kraftfuttermischwerk.de\/blogg\/wp-content\/uploads2\/2014\/12\/B4o1BGNIQAASAIO.jpg\" alt=\"B4o1BGNIQAASAIO\" width=\"879\" height=\"557\" class=\"alignnone size-full wp-image-79370\" srcset=\"https:\/\/www.kraftfuttermischwerk.de\/blogg\/wp-content\/uploads2\/2014\/12\/B4o1BGNIQAASAIO.jpg 879w, https:\/\/www.kraftfuttermischwerk.de\/blogg\/wp-content\/uploads2\/2014\/12\/B4o1BGNIQAASAIO-300x190.jpg 300w, https:\/\/www.kraftfuttermischwerk.de\/blogg\/wp-content\/uploads2\/2014\/12\/B4o1BGNIQAASAIO-600x380.jpg 600w\" sizes=\"auto, (max-width: 879px) 100vw, 879px\" \/><p><br \/>\n<small>(via <a href=\"https:\/\/twitter.com\/g_rantelhuber\/status\/543305048093380608\/photo\/1\">Grantl<\/a>)<\/small><\/p>\n","protected":false},"excerpt":{"rendered":"<p>Die Neunziger haben angerufen: die Arschl\u00f6cher sind noch lange nicht Geschichte. Ganz im Gegenteil. Bestimmt diese &#8222;besorgten B\u00fcrger&#8220;, die alle &#8222;Ich bin kein Nazi, aber&#8230;&#8220;&#8230;<\/p>\n<div class=\"more-link-wrapper\"><a class=\"more-link\" href=\"https:\/\/www.kraftfuttermischwerk.de\/blogg\/bei-nuernberg-drei-fluechtlingsunterkuenfte-in-brand-gesteckt\/\">Mehr lesen -&gt;<span class=\"screen-reader-text\">Bei N\u00fcrnberg drei Fl\u00fcchtlingsunterk\u00fcnfte in Brand gesteckt<\/span><\/a><\/div>\n","protected":false},"author":1,"featured_media":79367,"comment_status":"open","ping_status":"open","sticky":false,"template":"","format":"standard","meta":{"jetpack_post_was_ever_published":false,"_jetpack_newsletter_access":"","_jetpack_dont_email_post_to_subs":false,"_jetpack_newsletter_tier_id":0,"_jetpack_memberships_contains_paywalled_content":false,"_jetpack_memberships_contains_paid_content":false,"footnotes":""},"categories":[6],"tags":[447,896],"class_list":["post-79366","post","type-post","status-publish","format-standard","has-post-thumbnail","hentry","category-alltaglicher-sinnwahn","tag-nazis","tag-refugees","entry"],"jetpack_featured_media_url":"https:\/\/www.kraftfuttermischwerk.de\/blogg\/wp-content\/uploads2\/2014\/12\/tumblr_mhfr1stn051rmd8tjo1_500.jpg","jetpack_shortlink":"https:\/\/wp.me\/pXEnA-kE6","jetpack-related-posts":[],"jetpack_sharing_enabled":true,"_links":{"self":[{"href":"https:\/\/www.kraftfuttermischwerk.de\/blogg\/wp-json\/wp\/v2\/posts\/79366","targetHints":{"allow":["GET"]}}],"collection":[{"href":"https:\/\/www.kraftfuttermischwerk.de\/blogg\/wp-json\/wp\/v2\/posts"}],"about":[{"href":"https:\/\/www.kraftfuttermischwerk.de\/blogg\/wp-json\/wp\/v2\/types\/post"}],"author":[{"embeddable":true,"href":"https:\/\/www.kraftfuttermischwerk.de\/blogg\/wp-json\/wp\/v2\/users\/1"}],"replies":[{"embeddable":true,"href":"https:\/\/www.kraftfuttermischwerk.de\/blogg\/wp-json\/wp\/v2\/comments?post=79366"}],"version-history":[{"count":4,"href":"https:\/\/www.kraftfuttermischwerk.de\/blogg\/wp-json\/wp\/v2\/posts\/79366\/revisions"}],"predecessor-version":[{"id":79372,"href":"https:\/\/www.kraftfuttermischwerk.de\/blogg\/wp-json\/wp\/v2\/posts\/79366\/revisions\/79372"}],"wp:featuredmedia":[{"embeddable":true,"href":"https:\/\/www.kraftfuttermischwerk.de\/blogg\/wp-json\/wp\/v2\/media\/79367"}],"wp:attachment":[{"href":"https:\/\/www.kraftfuttermischwerk.de\/blogg\/wp-json\/wp\/v2\/media?parent=79366"}],"wp:term":[{"taxonomy":"category","embeddable":true,"href":"https:\/\/www.kraftfuttermischwerk.de\/blogg\/wp-json\/wp\/v2\/categories?post=79366"},{"taxonomy":"post_tag","embeddable":true,"href":"https:\/\/www.kraftfuttermischwerk.de\/blogg\/wp-json\/wp\/v2\/tags?post=79366"}],"curies":[{"name":"wp","href":"https:\/\/api.w.org\/{rel}","templated":true}]}}