{"id":82881,"date":"2015-01-27T14:43:23","date_gmt":"2015-01-27T13:43:23","guid":{"rendered":"http:\/\/www.kraftfuttermischwerk.de\/blogg\/?p=82881"},"modified":"2015-01-27T17:09:03","modified_gmt":"2015-01-27T16:09:03","slug":"holocaust-doku-night-will-fall-hitchcocks-lehrfilm-fuer-die-deutschen","status":"publish","type":"post","link":"https:\/\/www.kraftfuttermischwerk.de\/blogg\/holocaust-doku-night-will-fall-hitchcocks-lehrfilm-fuer-die-deutschen\/","title":{"rendered":"Holocaust-Doku: Night Will Fall &#8211; Hitchcocks Lehrfilm f\u00fcr die Deutschen"},"content":{"rendered":"<a href=\"http:\/\/www.ardmediathek.de\/tv\/Reportage-Dokumentation\/Night-will-fall-Hitchcocks-Lehrfilm-f%C3%BC\/Das-Erste\/Video?documentId=26107162&#038;bcastId=799280\"><img loading=\"lazy\" decoding=\"async\" src=\"https:\/\/www.kraftfuttermischwerk.de\/blogg\/wp-content\/uploads2\/2015\/01\/Bildschirmfoto-2015-01-27-um-14.39.06.png\" alt=\"Bildschirmfoto 2015-01-27 um 14.39.06\" width=\"724\" height=\"475\" class=\"alignnone size-full wp-image-82883\" srcset=\"https:\/\/www.kraftfuttermischwerk.de\/blogg\/wp-content\/uploads2\/2015\/01\/Bildschirmfoto-2015-01-27-um-14.39.06.png 724w, https:\/\/www.kraftfuttermischwerk.de\/blogg\/wp-content\/uploads2\/2015\/01\/Bildschirmfoto-2015-01-27-um-14.39.06-300x196.png 300w, https:\/\/www.kraftfuttermischwerk.de\/blogg\/wp-content\/uploads2\/2015\/01\/Bildschirmfoto-2015-01-27-um-14.39.06-600x393.png 600w\" sizes=\"auto, (max-width: 724px) 100vw, 724px\" \/><\/a>\n<p><a href=\"https:\/\/www.kraftfuttermischwerk.de\/blogg\/70-jahrestag-der-befreiung-von-auschwitz\/\">Vorhin schrieb ich<\/a>: <i>&#8222;Letzte Nacht lief im Ersten eine Doku \u00fcber \u201cNight Will Fall\u201d, einem Film-Projekt Alfred Hitchcocks, mit dem er versuchen wollte, die unbegreiflichen Grausamkeiten des Holocaust irgendwie darzustellen. Ich habe die gesehen und sowohl mein Magen als auch mein Herz wollten mich danach nur schwer schlafen lassen.&#8220;<\/i> <\/p>\n<p>Nun ist die Doku doch online und kann hier noch bis zum <a href=\"http:\/\/www.ardmediathek.de\/tv\/Reportage-Dokumentation\/Night-will-fall-Hitchcocks-Lehrfilm-f%C3%BC\/Das-Erste\/Video?documentId=26107162&#038;bcastId=799280\">03.02.2015 in der ARD Mediathek gesehen werden<\/a>. Sie lief allerdings neulich schon auf arte und wird dort \u00fcbermorgen, Donnerstag, 29. Januar um 01:25 Uhr, noch mal wiederholt. [Triggerwarnung: Alles!]<\/p>\n<blockquote><p>\n<strong>Hitchcocks Lehrfilm f\u00fcr die Deutschen<\/strong><\/p>\n<p>Bei ihrem Vorsto\u00df \u00fcber Europa entdecken die Alliierten 1945 die ersten Konzentrationslager. Aus dem Entsetzen \u00fcber das Bild der Grausamkeiten entsteht das Bed\u00fcrfnis, alles zu dokumentieren. Britische, amerikanische und russische Kamerateams beginnen mit ihren Aufnahmen. Renommierte Regisseure wie Alfred Hitchcock und Billy Wilder werden beauftragt, aus dem Rohmaterial schonungslose Dokumente der Todeslager zu erschaffen. Als Teil der Psychologischen Kriegsf\u00fchrung sollen die Filme der deutschen Bev\u00f6lkerung gezeigt werden.<\/p>\n<p>Doch w\u00e4hrend die Amerikaner rasch mit einem kurzen Film an die \u00d6ffentlichkeit gehen, verz\u00f6gert sich die Fertigstellung des britischen Films von Alfred Hitchcock. Und es \u00e4ndern sich die politischen Vorzeichen. Unter dem Eindruck des beginnenden Kalten Krieges und der Wiederaufbaupl\u00e4ne f\u00fcr die westdeutschen Sektoren scheint es pl\u00f6tzlich nicht mehr opportun, die westdeutsche Bev\u00f6lkerung nachhaltig mit ihren eigenen Verfehlungen zu konfrontieren. Der Film landet unvollst\u00e4ndig in den Archiven, eine Filmrolle gilt bald als g\u00e4nzlich verschollen.<\/p>\n<p>Nach jahrelangen Recherchen und neu aufgetauchtem Material ist es dem Imperial War Museum nun gelungen, den Hitchcock-Film vollst\u00e4ndig zu rekonstruieren. Er wurde im Rahmen der Berlinale 2014 erstmals \u00f6ffentlich in Deutschland aufgef\u00fchrt. Der Dokumentarfilm \u201eNight Will Fall\u201c zeigt die Wiederherstellung des Hitchcock-Films mit den verantwortlichen Experten \u2013 und rekonstruiert zugleich mit Hilfe von Zeitzeugen \u2013 ehemaligen Lagerinsassen ebenso wie ehemaligen Soldaten und Kameraleuten \u2013 die Befreiung der Konzentrationslager 1944\/45: Ungesehene Bilder und unerz\u00e4hlte Geschichten \u00fcber eines der dunkelsten Kapitel des 20. Jahrhunderts.<br \/>\n<small>(<a href=\"http:\/\/www.arte.tv\/guide\/de\/050111-000\/night-will-fall\">Arte<\/a>)<\/small><\/p><\/blockquote>\n","protected":false},"excerpt":{"rendered":"<p>Vorhin schrieb ich: &#8222;Letzte Nacht lief im Ersten eine Doku \u00fcber \u201cNight Will Fall\u201d, einem Film-Projekt Alfred Hitchcocks, mit dem er versuchen wollte, die unbegreiflichen&#8230;<\/p>\n<div class=\"more-link-wrapper\"><a class=\"more-link\" href=\"https:\/\/www.kraftfuttermischwerk.de\/blogg\/holocaust-doku-night-will-fall-hitchcocks-lehrfilm-fuer-die-deutschen\/\">Mehr lesen -&gt;<span class=\"screen-reader-text\">Holocaust-Doku: Night Will Fall &#8211; Hitchcocks Lehrfilm f\u00fcr die Deutschen<\/span><\/a><\/div>\n","protected":false},"author":1,"featured_media":0,"comment_status":"open","ping_status":"open","sticky":false,"template":"","format":"standard","meta":{"jetpack_post_was_ever_published":false,"_jetpack_newsletter_access":"","_jetpack_dont_email_post_to_subs":false,"_jetpack_newsletter_tier_id":0,"_jetpack_memberships_contains_paywalled_content":false,"_jetpack_memberships_contains_paid_content":false,"footnotes":""},"categories":[19,6],"tags":[221,2937,2749,794],"class_list":["post-82881","post","type-post","status-publish","format-standard","hentry","category-doku","category-alltaglicher-sinnwahn","tag-documentary","tag-hitchcock","tag-holocaust","tag-wwii","entry"],"jetpack_featured_media_url":"","jetpack_shortlink":"https:\/\/wp.me\/pXEnA-lyN","jetpack-related-posts":[],"jetpack_sharing_enabled":true,"_links":{"self":[{"href":"https:\/\/www.kraftfuttermischwerk.de\/blogg\/wp-json\/wp\/v2\/posts\/82881","targetHints":{"allow":["GET"]}}],"collection":[{"href":"https:\/\/www.kraftfuttermischwerk.de\/blogg\/wp-json\/wp\/v2\/posts"}],"about":[{"href":"https:\/\/www.kraftfuttermischwerk.de\/blogg\/wp-json\/wp\/v2\/types\/post"}],"author":[{"embeddable":true,"href":"https:\/\/www.kraftfuttermischwerk.de\/blogg\/wp-json\/wp\/v2\/users\/1"}],"replies":[{"embeddable":true,"href":"https:\/\/www.kraftfuttermischwerk.de\/blogg\/wp-json\/wp\/v2\/comments?post=82881"}],"version-history":[{"count":3,"href":"https:\/\/www.kraftfuttermischwerk.de\/blogg\/wp-json\/wp\/v2\/posts\/82881\/revisions"}],"predecessor-version":[{"id":82895,"href":"https:\/\/www.kraftfuttermischwerk.de\/blogg\/wp-json\/wp\/v2\/posts\/82881\/revisions\/82895"}],"wp:attachment":[{"href":"https:\/\/www.kraftfuttermischwerk.de\/blogg\/wp-json\/wp\/v2\/media?parent=82881"}],"wp:term":[{"taxonomy":"category","embeddable":true,"href":"https:\/\/www.kraftfuttermischwerk.de\/blogg\/wp-json\/wp\/v2\/categories?post=82881"},{"taxonomy":"post_tag","embeddable":true,"href":"https:\/\/www.kraftfuttermischwerk.de\/blogg\/wp-json\/wp\/v2\/tags?post=82881"}],"curies":[{"name":"wp","href":"https:\/\/api.w.org\/{rel}","templated":true}]}}