{"id":83390,"date":"2015-02-04T16:30:22","date_gmt":"2015-02-04T15:30:22","guid":{"rendered":"http:\/\/www.kraftfuttermischwerk.de\/blogg\/?p=83390"},"modified":"2015-02-04T16:32:25","modified_gmt":"2015-02-04T15:32:25","slug":"die-defekte-tuer-der-uni-mainz-die-tuer-ist-repariert","status":"publish","type":"post","link":"https:\/\/www.kraftfuttermischwerk.de\/blogg\/die-defekte-tuer-der-uni-mainz-die-tuer-ist-repariert\/","title":{"rendered":"Die defekte T\u00fcr der Uni Mainz: die T\u00fcr ist repariert!"},"content":{"rendered":"<img loading=\"lazy\" decoding=\"async\" src=\"https:\/\/www.kraftfuttermischwerk.de\/blogg\/wp-content\/uploads2\/2015\/02\/5lXYkes.jpg\" alt=\"5lXYkes\" width=\"2592\" height=\"1851\" class=\"alignnone size-full wp-image-83393\" srcset=\"https:\/\/www.kraftfuttermischwerk.de\/blogg\/wp-content\/uploads2\/2015\/02\/5lXYkes.jpg 2592w, https:\/\/www.kraftfuttermischwerk.de\/blogg\/wp-content\/uploads2\/2015\/02\/5lXYkes-300x214.jpg 300w, https:\/\/www.kraftfuttermischwerk.de\/blogg\/wp-content\/uploads2\/2015\/02\/5lXYkes-600x428.jpg 600w\" sizes=\"auto, (max-width: 2592px) 100vw, 2592px\" \/><p><br \/>\n<small>(Europa bleibt das Scheitern erspart)<\/small><\/p>\n<p>Endlich! Nachdem am Montag an der Johannes Gutenberg Uni in Mainz noch &#8222;ein Tag der offenen T\u00fcr&#8220; mit geschlossener T\u00fcr stattfand, hat die ganze Geschichte nun ein Ende gefunden. Die T\u00fcr ist repariert! \\o\/<\/p>\n<p><iframe loading=\"lazy\" class=\"imgur-album\" width=\"100%\" height=\"550\" frameborder=\"0\" src=\"\/\/imgur.com\/a\/EFwcr\/embed?background=f2f2f2&#038;text=1a1a1a&#038;link=4e76c9\"><\/iframe><\/p>\n<p>Hier das Beweisvideo:<\/p>\n<p><span class=\"embed-youtube\" style=\"text-align:center; display: block;\"><iframe loading=\"lazy\" class=\"youtube-player\" width=\"640\" height=\"360\" src=\"https:\/\/www.youtube.com\/embed\/oFnkE7yb_DI?version=3&#038;rel=1&#038;showsearch=0&#038;showinfo=1&#038;iv_load_policy=1&#038;fs=1&#038;hl=de-DE&#038;autohide=2&#038;wmode=transparent\" allowfullscreen=\"true\" style=\"border:0;\" sandbox=\"allow-scripts allow-same-origin allow-popups allow-presentation allow-popups-to-escape-sandbox\"><\/iframe><\/span><br \/>\n<small>(<a href=\"http:\/\/youtu.be\/oFnkE7yb_DI\">Direktlink<\/a>)<\/small><\/p>\n<p>Der <a href=\"http:\/\/www.campus-mainz.net\/newsdetails\/news\/wo-sind-die-philo-tuer-memes\/\">Campus Mainz<\/a> hat \u00fcber die Tage hinweg alle Zettel gesammelt und wird diese nun wohl ausstellen, wenn ich das irgendwo richtig gelesen habe. Hier schon mal eine <a href=\"https:\/\/www.facebook.com\/media\/set\/?set=a.814709565254607.1073741863.279439078781661&#038;type=1\">Galerie auf Facebook<\/a>. <\/p>\n","protected":false},"excerpt":{"rendered":"<p>(Europa bleibt das Scheitern erspart) Endlich! Nachdem am Montag an der Johannes Gutenberg Uni in Mainz noch &#8222;ein Tag der offenen T\u00fcr&#8220; mit geschlossener T\u00fcr&#8230;<\/p>\n<div class=\"more-link-wrapper\"><a class=\"more-link\" href=\"https:\/\/www.kraftfuttermischwerk.de\/blogg\/die-defekte-tuer-der-uni-mainz-die-tuer-ist-repariert\/\">Mehr lesen -&gt;<span class=\"screen-reader-text\">Die defekte T\u00fcr der Uni Mainz: die T\u00fcr ist repariert!<\/span><\/a><\/div>\n","protected":false},"author":1,"featured_media":0,"comment_status":"open","ping_status":"open","sticky":false,"template":"","format":"standard","meta":{"jetpack_post_was_ever_published":false,"_jetpack_newsletter_access":"","_jetpack_dont_email_post_to_subs":false,"_jetpack_newsletter_tier_id":0,"_jetpack_memberships_contains_paywalled_content":false,"_jetpack_memberships_contains_paid_content":false,"footnotes":""},"categories":[1],"tags":[130,456,455,957],"class_list":["post-83390","post","type-post","status-publish","format-standard","hentry","category-nur-mal-so","tag-fun","tag-internet","tag-memes","tag-notes","entry"],"jetpack_featured_media_url":"","jetpack_shortlink":"https:\/\/wp.me\/pXEnA-lH0","jetpack-related-posts":[],"jetpack_sharing_enabled":true,"_links":{"self":[{"href":"https:\/\/www.kraftfuttermischwerk.de\/blogg\/wp-json\/wp\/v2\/posts\/83390","targetHints":{"allow":["GET"]}}],"collection":[{"href":"https:\/\/www.kraftfuttermischwerk.de\/blogg\/wp-json\/wp\/v2\/posts"}],"about":[{"href":"https:\/\/www.kraftfuttermischwerk.de\/blogg\/wp-json\/wp\/v2\/types\/post"}],"author":[{"embeddable":true,"href":"https:\/\/www.kraftfuttermischwerk.de\/blogg\/wp-json\/wp\/v2\/users\/1"}],"replies":[{"embeddable":true,"href":"https:\/\/www.kraftfuttermischwerk.de\/blogg\/wp-json\/wp\/v2\/comments?post=83390"}],"version-history":[{"count":4,"href":"https:\/\/www.kraftfuttermischwerk.de\/blogg\/wp-json\/wp\/v2\/posts\/83390\/revisions"}],"predecessor-version":[{"id":83397,"href":"https:\/\/www.kraftfuttermischwerk.de\/blogg\/wp-json\/wp\/v2\/posts\/83390\/revisions\/83397"}],"wp:attachment":[{"href":"https:\/\/www.kraftfuttermischwerk.de\/blogg\/wp-json\/wp\/v2\/media?parent=83390"}],"wp:term":[{"taxonomy":"category","embeddable":true,"href":"https:\/\/www.kraftfuttermischwerk.de\/blogg\/wp-json\/wp\/v2\/categories?post=83390"},{"taxonomy":"post_tag","embeddable":true,"href":"https:\/\/www.kraftfuttermischwerk.de\/blogg\/wp-json\/wp\/v2\/tags?post=83390"}],"curies":[{"name":"wp","href":"https:\/\/api.w.org\/{rel}","templated":true}]}}