{"id":84778,"date":"2015-02-25T14:39:11","date_gmt":"2015-02-25T13:39:11","guid":{"rendered":"http:\/\/www.kraftfuttermischwerk.de\/blogg\/?p=84778"},"modified":"2015-02-25T15:25:20","modified_gmt":"2015-02-25T14:25:20","slug":"crowdfunding-tribute-to-ton-steine-scherben-benefizkonzert-fuer-die-fluechtlingshilfe-in-dresden","status":"publish","type":"post","link":"https:\/\/www.kraftfuttermischwerk.de\/blogg\/crowdfunding-tribute-to-ton-steine-scherben-benefizkonzert-fuer-die-fluechtlingshilfe-in-dresden\/","title":{"rendered":"Crowdfunding: Tribute to Ton Steine Scherben &#8211; Benefizkonzert f\u00fcr die Fl\u00fcchtlingshilfe in Dresden"},"content":{"rendered":"<a href=\"http:\/\/www.dd4all.de\/TonSteineScherben\/\"><img loading=\"lazy\" decoding=\"async\" src=\"https:\/\/www.kraftfuttermischwerk.de\/blogg\/wp-content\/uploads2\/2015\/02\/startnext_header_4.jpg\" alt=\"startnext_header_4\" width=\"960\" height=\"250\" class=\"alignnone size-full wp-image-84779\" srcset=\"https:\/\/www.kraftfuttermischwerk.de\/blogg\/wp-content\/uploads2\/2015\/02\/startnext_header_4.jpg 960w, https:\/\/www.kraftfuttermischwerk.de\/blogg\/wp-content\/uploads2\/2015\/02\/startnext_header_4-300x78.jpg 300w, https:\/\/www.kraftfuttermischwerk.de\/blogg\/wp-content\/uploads2\/2015\/02\/startnext_header_4-600x156.jpg 600w\" sizes=\"auto, (max-width: 960px) 100vw, 960px\" \/><\/a>\n<p>Ich find&#8217;s ein bisschen schade, erst heute hiervon erfahren zu haben, denn die Aktion l\u00e4uft nur noch f\u00fcr vier Tage und die gesammelte Summe k\u00f6nnte im Hinblick darauf doch  deutlich h\u00f6her sein. <\/p>\n<p>Die Initiative <em>Kultur sucht Raum<\/em> wird im M\u00e4rz in der Dresdener Chemiefabrik eine Benefizkonzert f\u00fcr die Fl\u00fcchtlingshilfe veranstalten. Es sollen Coverversionen der Songs von Ton Steine Scherben auf die B\u00fchne kommen. Daf\u00fcr brauchen sie Geld, welches sie mit <a href=\"https:\/\/www.startnext.com\/tssdd\">dieser Crowdfunding Kampagne sammeln m\u00f6chten<\/a>. <\/p>\n<blockquote><p><strong>Worum geht es in diesem Projekt?<\/strong><\/p>\n<p>Anl\u00e4sslich der letzten Entwicklungen in Dresden wollen wir ein weiteres Zeichen f\u00fcr Asylsuchende und ein offenes Dresden setzen.<\/p>\n<p><strong>Was sind die Ziele und wer die Zielgruppe?<\/strong><\/p>\n<p>Wir veranstalten ein Benefizkonzert f\u00fcr die lokale ehrenamtliche Fl\u00fcchtlingshilfe. Angesprochen sind alle Menschen, die sich f\u00fcr Asylsuchende, Weltoffenheit, Menschenrechte und Relegionsfreiheit einsetzen<\/p>\n<p><strong>Warum sollte jemand dieses Projekt unterst\u00fctzen?<\/strong><\/p>\n<p>Die ehrenamtliche Fl\u00fcchtlingshilfe wird wenig bis gar nicht durch staatliche Gelder gef\u00f6rdert. Auf der anderen Seite wird sie von Seiten der Kommunen aber als fester Bestandteil der Fl\u00fcchtlingsarbeit betrachtet. Deshalb ist jede finanzielle Unterst\u00fctzung gern gesehen.<\/p>\n<p><strong>Was passiert mit dem Geld bei erfolgreicher Finanzierung?<\/strong><\/p>\n<p>Die Crowdfunding-Summe deckt die Kosten des Konzertes wie Miete der Chemiefabrik, Werbematerial und Aufwandsentsch\u00e4digung f\u00fcr die K\u00fcnstler. Alles, was dar\u00fcber hinausgeht wird zu drei Viertel gespendet.<br \/>\nWir suchen derzeit nach entsprechenden Vereinen und schreiben hier, sobald die Spendenempf\u00e4nger fest stehen.<\/p>\n<p><strong>Wer steht hinter dem Projekt?<\/strong><\/p>\n<p>Die Initiative Kultur sucht Raum hilft bei der Organisation der Soli-Konzerte f\u00fcr das B\u00fcndnis Dresden Nazifrei und organisiert derzeit die Postplatzkonzerte f\u00fcr ein weltoffenes Dresden mit. Hauptverantwortlicher f\u00fcr dieses Projekt ist Jan Kossick.<br \/>\nRany Dabbagh ist Dresdner Musiker und engagiert sich vor allem musikalisch f\u00fcr eine weltoffene Stadt und unterst\u00fctzt dieses Projekt.<\/p><\/blockquote>\n<p><span class=\"embed-youtube\" style=\"text-align:center; display: block;\"><iframe loading=\"lazy\" class=\"youtube-player\" width=\"640\" height=\"360\" src=\"https:\/\/www.youtube.com\/embed\/gVDruCbp_HY?version=3&#038;rel=1&#038;showsearch=0&#038;showinfo=1&#038;iv_load_policy=1&#038;fs=1&#038;hl=de-DE&#038;autohide=2&#038;wmode=transparent\" allowfullscreen=\"true\" style=\"border:0;\" sandbox=\"allow-scripts allow-same-origin allow-popups allow-presentation allow-popups-to-escape-sandbox\"><\/iframe><\/span><br \/>\n<small>(<a href=\"http:\/\/youtu.be\/gVDruCbp_HY\">Direktlink<\/a>)<\/small><\/p>\n","protected":false},"excerpt":{"rendered":"<p>Ich find&#8217;s ein bisschen schade, erst heute hiervon erfahren zu haben, denn die Aktion l\u00e4uft nur noch f\u00fcr vier Tage und die gesammelte Summe k\u00f6nnte&#8230;<\/p>\n<div class=\"more-link-wrapper\"><a class=\"more-link\" href=\"https:\/\/www.kraftfuttermischwerk.de\/blogg\/crowdfunding-tribute-to-ton-steine-scherben-benefizkonzert-fuer-die-fluechtlingshilfe-in-dresden\/\">Mehr lesen -&gt;<span class=\"screen-reader-text\">Crowdfunding: Tribute to Ton Steine Scherben &#8211; Benefizkonzert f\u00fcr die Fl\u00fcchtlingshilfe in Dresden<\/span><\/a><\/div>\n","protected":false},"author":1,"featured_media":0,"comment_status":"open","ping_status":"open","sticky":false,"template":"","format":"standard","meta":{"jetpack_post_was_ever_published":false,"_jetpack_newsletter_access":"","_jetpack_dont_email_post_to_subs":false,"_jetpack_newsletter_tier_id":0,"_jetpack_memberships_contains_paywalled_content":false,"_jetpack_memberships_contains_paid_content":false,"footnotes":""},"categories":[5,6],"tags":[1934,2200,896,3681],"class_list":["post-84778","post","type-post","status-publish","format-standard","hentry","category-musik","category-alltaglicher-sinnwahn","tag-charity","tag-dresden","tag-refugees","tag-ton-steine-scherben","entry"],"jetpack_featured_media_url":"","jetpack_shortlink":"https:\/\/wp.me\/pXEnA-m3o","jetpack-related-posts":[],"jetpack_sharing_enabled":true,"_links":{"self":[{"href":"https:\/\/www.kraftfuttermischwerk.de\/blogg\/wp-json\/wp\/v2\/posts\/84778","targetHints":{"allow":["GET"]}}],"collection":[{"href":"https:\/\/www.kraftfuttermischwerk.de\/blogg\/wp-json\/wp\/v2\/posts"}],"about":[{"href":"https:\/\/www.kraftfuttermischwerk.de\/blogg\/wp-json\/wp\/v2\/types\/post"}],"author":[{"embeddable":true,"href":"https:\/\/www.kraftfuttermischwerk.de\/blogg\/wp-json\/wp\/v2\/users\/1"}],"replies":[{"embeddable":true,"href":"https:\/\/www.kraftfuttermischwerk.de\/blogg\/wp-json\/wp\/v2\/comments?post=84778"}],"version-history":[{"count":4,"href":"https:\/\/www.kraftfuttermischwerk.de\/blogg\/wp-json\/wp\/v2\/posts\/84778\/revisions"}],"predecessor-version":[{"id":84783,"href":"https:\/\/www.kraftfuttermischwerk.de\/blogg\/wp-json\/wp\/v2\/posts\/84778\/revisions\/84783"}],"wp:attachment":[{"href":"https:\/\/www.kraftfuttermischwerk.de\/blogg\/wp-json\/wp\/v2\/media?parent=84778"}],"wp:term":[{"taxonomy":"category","embeddable":true,"href":"https:\/\/www.kraftfuttermischwerk.de\/blogg\/wp-json\/wp\/v2\/categories?post=84778"},{"taxonomy":"post_tag","embeddable":true,"href":"https:\/\/www.kraftfuttermischwerk.de\/blogg\/wp-json\/wp\/v2\/tags?post=84778"}],"curies":[{"name":"wp","href":"https:\/\/api.w.org\/{rel}","templated":true}]}}