{"id":86895,"date":"2015-03-29T14:03:07","date_gmt":"2015-03-29T12:03:07","guid":{"rendered":"http:\/\/www.kraftfuttermischwerk.de\/blogg\/?p=86895"},"modified":"2015-03-29T14:03:07","modified_gmt":"2015-03-29T12:03:07","slug":"piano-day-nils-frahm-veroeffentlicht-album-fuer-umme","status":"publish","type":"post","link":"https:\/\/www.kraftfuttermischwerk.de\/blogg\/piano-day-nils-frahm-veroeffentlicht-album-fuer-umme\/","title":{"rendered":"Piano Day: Nils Frahm ver\u00f6ffentlicht Album f\u00fcr umme"},"content":{"rendered":"<p>Vor ein paar Tagen hat der uns allen liebste Klavierspieler Nils Frahm den 29.03. zum <a href=\"http:\/\/www.pianoday.org\/\">Piano Day<\/a> erkl\u00e4rt. Dieser ist heute und heute gibt es ein neues Album von Nils Frahm. so\/o hei\u00dft es und kann <a href=\"http:\/\/www.pianoday.org\/\">hier sowohl als Mp3 als auch als Wave<\/a> for free geladen werden. Zus\u00e4tzlich kann man sich auch die CD oder das Vinyl bestellen. Besser kann ein Sonntag nicht klingen.<\/p>\n<blockquote><p>My album \u2013solo\u2013 can be downloaded in any desired format and can be listened to for free. For those who like the real thing, there is a vinyl and all other kinds of round discs available (sorry, these are not for free). It would be appreciated if you get this thing on vinyl, simply because it\u2019s very nice looking and sounding! Anyways, this is all part of a fundraising enterprise for a very special piano project. So please read on for a bit \u2026<\/p><\/blockquote>\n<img loading=\"lazy\" decoding=\"async\" src=\"https:\/\/www.kraftfuttermischwerk.de\/blogg\/wp-content\/uploads2\/2015\/03\/NF-solo-web3.jpg\" alt=\"NF-solo-web3\" width=\"1890\" height=\"1890\" class=\"alignnone size-full wp-image-86897\" srcset=\"https:\/\/www.kraftfuttermischwerk.de\/blogg\/wp-content\/uploads2\/2015\/03\/NF-solo-web3.jpg 1890w, https:\/\/www.kraftfuttermischwerk.de\/blogg\/wp-content\/uploads2\/2015\/03\/NF-solo-web3-150x150.jpg 150w, https:\/\/www.kraftfuttermischwerk.de\/blogg\/wp-content\/uploads2\/2015\/03\/NF-solo-web3-300x300.jpg 300w, https:\/\/www.kraftfuttermischwerk.de\/blogg\/wp-content\/uploads2\/2015\/03\/NF-solo-web3-600x600.jpg 600w, https:\/\/www.kraftfuttermischwerk.de\/blogg\/wp-content\/uploads2\/2015\/03\/NF-solo-web3-136x136.jpg 136w, https:\/\/www.kraftfuttermischwerk.de\/blogg\/wp-content\/uploads2\/2015\/03\/NF-solo-web3-100x100.jpg 100w\" sizes=\"auto, (max-width: 1890px) 100vw, 1890px\" \/><p><br \/>\n<iframe loading=\"lazy\" width=\"100%\" height=\"166\" scrolling=\"no\" frameborder=\"no\" src=\"https:\/\/w.soundcloud.com\/player\/?url=https%3A\/\/api.soundcloud.com\/tracks\/195541767&#038;color=000000&#038;show_artwork=false\"><\/iframe><\/p>\n<p>Das aber ist nicht alles, was diesen Sonntag zum Piano Day macht. Es geht auch darum Geld f\u00fcr den Bau eines Instrumentes zu sammeln: das Klavins M450. Daf\u00fcr werden 120.000 Euro ben\u00f6tigt, weshalb ich das Album gleich noch mal auf iTunes kaufen werde. Gespendet darf auch werden.<\/p>\n<blockquote><p>If we meet our goal, piano builder <a href=\"http:\/\/klavins-piano-manufaktur.com\/\">David Klavins<\/a> can fulfill his lifelong dream and build the Klavins M450.<\/p>\n<p>Our friend David Klavins isn&#8217;t out for profit on this one. As he is only driven by hearing his invention himself, he simply wants materials and labor to be covered. I will donate all income generated with \u2013solo\u2013 until the financial means are achieved. Building the Klavins M450 will take about two years and we are confident that we will organise a festival around this incredible invention on Piano Day 2017 here in Berlin.<\/p>\n<p>My new record \u2013 solo \u2013 was recorded on the prototype of the instrument under discussion. Although being a slightly smaller version with 3.7 meters in height, the Klavins M370  is already tremendous and gigantic sounding. But listen for yourself and see if the sound is worth the effort. I have, of course, no doubt it is. If you also feel that the world is in need for an instrument like this, please feel free to donate by buying the record or by donating online. It is much appreciated and everyone who donates or signs up to the newsletter will receive infrequent updates on the building of this unique instrument. Now I have two years to organise a room to place it in and make it accessible to as many ears and hands as possible \u2026<\/p>\n<\/blockquote>\n<img loading=\"lazy\" decoding=\"async\" src=\"https:\/\/www.kraftfuttermischwerk.de\/blogg\/wp-content\/uploads2\/2015\/03\/Bildschirmfoto-2015-03-29-um-13.57.30.png\" alt=\"Bildschirmfoto 2015-03-29 um 13.57.30\" width=\"630\" height=\"554\" class=\"alignnone size-full wp-image-86898\" srcset=\"https:\/\/www.kraftfuttermischwerk.de\/blogg\/wp-content\/uploads2\/2015\/03\/Bildschirmfoto-2015-03-29-um-13.57.30.png 630w, https:\/\/www.kraftfuttermischwerk.de\/blogg\/wp-content\/uploads2\/2015\/03\/Bildschirmfoto-2015-03-29-um-13.57.30-300x264.png 300w, https:\/\/www.kraftfuttermischwerk.de\/blogg\/wp-content\/uploads2\/2015\/03\/Bildschirmfoto-2015-03-29-um-13.57.30-600x528.png 600w, https:\/\/www.kraftfuttermischwerk.de\/blogg\/wp-content\/uploads2\/2015\/03\/Bildschirmfoto-2015-03-29-um-13.57.30-80x70.png 80w\" sizes=\"auto, (max-width: 630px) 100vw, 630px\" \/>\n","protected":false},"excerpt":{"rendered":"<p>Vor ein paar Tagen hat der uns allen liebste Klavierspieler Nils Frahm den 29.03. zum Piano Day erkl\u00e4rt. Dieser ist heute und heute gibt es&#8230;<\/p>\n<div class=\"more-link-wrapper\"><a class=\"more-link\" href=\"https:\/\/www.kraftfuttermischwerk.de\/blogg\/piano-day-nils-frahm-veroeffentlicht-album-fuer-umme\/\">Mehr lesen -&gt;<span class=\"screen-reader-text\">Piano Day: Nils Frahm ver\u00f6ffentlicht Album f\u00fcr umme<\/span><\/a><\/div>\n","protected":false},"author":1,"featured_media":0,"comment_status":"open","ping_status":"open","sticky":false,"template":"","format":"standard","meta":{"jetpack_post_was_ever_published":false,"_jetpack_newsletter_access":"","_jetpack_dont_email_post_to_subs":false,"_jetpack_newsletter_tier_id":0,"_jetpack_memberships_contains_paywalled_content":false,"_jetpack_memberships_contains_paid_content":false,"footnotes":""},"categories":[5],"tags":[3850,431,457,706],"class_list":["post-86895","post","type-post","status-publish","format-standard","hentry","category-musik","tag-pianoday","tag-download","tag-nils-frahm","tag-piano","entry"],"jetpack_featured_media_url":"","jetpack_shortlink":"https:\/\/wp.me\/pXEnA-mBx","jetpack-related-posts":[],"jetpack_sharing_enabled":true,"_links":{"self":[{"href":"https:\/\/www.kraftfuttermischwerk.de\/blogg\/wp-json\/wp\/v2\/posts\/86895","targetHints":{"allow":["GET"]}}],"collection":[{"href":"https:\/\/www.kraftfuttermischwerk.de\/blogg\/wp-json\/wp\/v2\/posts"}],"about":[{"href":"https:\/\/www.kraftfuttermischwerk.de\/blogg\/wp-json\/wp\/v2\/types\/post"}],"author":[{"embeddable":true,"href":"https:\/\/www.kraftfuttermischwerk.de\/blogg\/wp-json\/wp\/v2\/users\/1"}],"replies":[{"embeddable":true,"href":"https:\/\/www.kraftfuttermischwerk.de\/blogg\/wp-json\/wp\/v2\/comments?post=86895"}],"version-history":[{"count":3,"href":"https:\/\/www.kraftfuttermischwerk.de\/blogg\/wp-json\/wp\/v2\/posts\/86895\/revisions"}],"predecessor-version":[{"id":86900,"href":"https:\/\/www.kraftfuttermischwerk.de\/blogg\/wp-json\/wp\/v2\/posts\/86895\/revisions\/86900"}],"wp:attachment":[{"href":"https:\/\/www.kraftfuttermischwerk.de\/blogg\/wp-json\/wp\/v2\/media?parent=86895"}],"wp:term":[{"taxonomy":"category","embeddable":true,"href":"https:\/\/www.kraftfuttermischwerk.de\/blogg\/wp-json\/wp\/v2\/categories?post=86895"},{"taxonomy":"post_tag","embeddable":true,"href":"https:\/\/www.kraftfuttermischwerk.de\/blogg\/wp-json\/wp\/v2\/tags?post=86895"}],"curies":[{"name":"wp","href":"https:\/\/api.w.org\/{rel}","templated":true}]}}