{"id":88516,"date":"2015-05-02T21:44:38","date_gmt":"2015-05-02T19:44:38","guid":{"rendered":"http:\/\/www.kraftfuttermischwerk.de\/blogg\/?p=88516"},"modified":"2015-05-02T21:44:38","modified_gmt":"2015-05-02T19:44:38","slug":"berlin-walk","status":"publish","type":"post","link":"https:\/\/www.kraftfuttermischwerk.de\/blogg\/berlin-walk\/","title":{"rendered":"Berlin Walk"},"content":{"rendered":"<p><a href=\"https:\/\/vimeo.com\/vituc\">Vit\u00f9c<\/a> war schon war zwei Jahren f\u00fcr zwei Tage in Berlin unterwegs und hat der Hauptstadt ein sowohl entschleunigtes als auch sehr sch\u00f6nes Portrait mit seiner Kamera gezeichnet. Au\u00dferdem hat er mit Reid Willis&#8216; &#8222;April Illuminating&#8220; exorbitant guten Sound dazu ausgew\u00e4hlt. <\/p>\n<p>https:\/\/vimeo.com\/43421411<br \/>\n<small>(<a href=\"https:\/\/vimeo.com\/43421411\">Direktlink<\/a>, via <a href=\"http:\/\/blog.gilly.ws\/2015\/05\/02\/berlin-walk-vituc-entschleunigt-die-hauptstadt\">Gilly<\/a>)<\/small><\/p>\n","protected":false},"excerpt":{"rendered":"<p>Vit\u00f9c war schon war zwei Jahren f\u00fcr zwei Tage in Berlin unterwegs und hat der Hauptstadt ein sowohl entschleunigtes als auch sehr sch\u00f6nes Portrait mit&#8230;<\/p>\n<div class=\"more-link-wrapper\"><a class=\"more-link\" href=\"https:\/\/www.kraftfuttermischwerk.de\/blogg\/berlin-walk\/\">Mehr lesen -&gt;<span class=\"screen-reader-text\">Berlin Walk<\/span><\/a><\/div>\n","protected":false},"author":1,"featured_media":88518,"comment_status":"open","ping_status":"open","sticky":false,"template":"","format":"standard","meta":{"jetpack_post_was_ever_published":false,"_jetpack_newsletter_access":"","_jetpack_dont_email_post_to_subs":false,"_jetpack_newsletter_tier_id":0,"_jetpack_memberships_contains_paywalled_content":false,"_jetpack_memberships_contains_paid_content":false,"footnotes":""},"categories":[1,8],"tags":[82,683],"class_list":["post-88516","post","type-post","status-publish","format-standard","has-post-thumbnail","hentry","category-nur-mal-so","category-visuelles","tag-berlin","tag-traveling","entry"],"jetpack_featured_media_url":"https:\/\/www.kraftfuttermischwerk.de\/blogg\/wp-content\/uploads2\/2015\/05\/Bildschirmfoto-2015-05-02-um-21.34.56.png","jetpack_shortlink":"https:\/\/wp.me\/pXEnA-n1G","jetpack-related-posts":[],"jetpack_sharing_enabled":true,"_links":{"self":[{"href":"https:\/\/www.kraftfuttermischwerk.de\/blogg\/wp-json\/wp\/v2\/posts\/88516","targetHints":{"allow":["GET"]}}],"collection":[{"href":"https:\/\/www.kraftfuttermischwerk.de\/blogg\/wp-json\/wp\/v2\/posts"}],"about":[{"href":"https:\/\/www.kraftfuttermischwerk.de\/blogg\/wp-json\/wp\/v2\/types\/post"}],"author":[{"embeddable":true,"href":"https:\/\/www.kraftfuttermischwerk.de\/blogg\/wp-json\/wp\/v2\/users\/1"}],"replies":[{"embeddable":true,"href":"https:\/\/www.kraftfuttermischwerk.de\/blogg\/wp-json\/wp\/v2\/comments?post=88516"}],"version-history":[{"count":3,"href":"https:\/\/www.kraftfuttermischwerk.de\/blogg\/wp-json\/wp\/v2\/posts\/88516\/revisions"}],"predecessor-version":[{"id":88520,"href":"https:\/\/www.kraftfuttermischwerk.de\/blogg\/wp-json\/wp\/v2\/posts\/88516\/revisions\/88520"}],"wp:featuredmedia":[{"embeddable":true,"href":"https:\/\/www.kraftfuttermischwerk.de\/blogg\/wp-json\/wp\/v2\/media\/88518"}],"wp:attachment":[{"href":"https:\/\/www.kraftfuttermischwerk.de\/blogg\/wp-json\/wp\/v2\/media?parent=88516"}],"wp:term":[{"taxonomy":"category","embeddable":true,"href":"https:\/\/www.kraftfuttermischwerk.de\/blogg\/wp-json\/wp\/v2\/categories?post=88516"},{"taxonomy":"post_tag","embeddable":true,"href":"https:\/\/www.kraftfuttermischwerk.de\/blogg\/wp-json\/wp\/v2\/tags?post=88516"}],"curies":[{"name":"wp","href":"https:\/\/api.w.org\/{rel}","templated":true}]}}