{"id":93001,"date":"2015-08-14T21:50:01","date_gmt":"2015-08-14T19:50:01","guid":{"rendered":"http:\/\/www.kraftfuttermischwerk.de\/blogg\/?p=93001"},"modified":"2015-08-15T14:00:13","modified_gmt":"2015-08-15T12:00:13","slug":"finden-die-fans-auch-doof-frei-wild-wollen-jetzt-endgueltig-und-in-echt-ganz-wirklich-nicht-mehr-fuer-nazis-spielen","status":"publish","type":"post","link":"https:\/\/www.kraftfuttermischwerk.de\/blogg\/finden-die-fans-auch-doof-frei-wild-wollen-jetzt-endgueltig-und-in-echt-ganz-wirklich-nicht-mehr-fuer-nazis-spielen\/","title":{"rendered":"Finden die Fans auch doof: Frei.Wild wollen jetzt endg\u00fcltig und in echt ganz wirklich nicht mehr f\u00fcr Nazis spielen"},"content":{"rendered":"<img loading=\"lazy\" decoding=\"async\" src=\"http:\/\/media.giphy.com\/media\/Ou2TE0mP4QbcI\/giphy.gif\" width=\"600\" height=\"302\" class=\"alignnone\" \/>\n<p>Ich mag Frei.Wild nicht. Mir geht das patriotische Gejammer auf den Saque und ich finde die Musik beschissen. <i>Das wird man ja wohl noch sagen d\u00fcrfen.<\/i><\/p>\n<p>Allerdings mag ich die Debatte, die sich seit Jahren um Frei.Wild aufgebaut hat und habe diese hier auch gerne begleitet. Da kam so einiges an lustigen Kommentaren zusammen. Besonders bei dem  Theater um die Echo-Verleihungen. <\/p>\n<p>Aktuell nahm ich wahr, das ausgerechnet Klaus Farin, den ich mal sch\u00e4tzte, ein Buch \u00fcber die S\u00fcdtiroler geschrieben hat, in dem er sie als &#8222;<a href=\"http:\/\/blog.zeit.de\/stoerungsmelder\/2015\/06\/24\/freispruch-fuer-frei-wild_19608\">konservative Antifaschisten<\/a>&#8220; zu verkaufen versucht. Ging offenbar ein wenig nach hinten los &#8211; und nachdem, was ich dazu gelesen hatte, wohl das auch zurecht. Da war der angesetzte Gig auf dem Reeperbahn Festival, <a href=\"http:\/\/www.mopo.de\/musik---partys\/reeperbahn-festival-frei-wild--konzert-auf-dem-kiez-abgesagt,28041504,31459742.html\">der dann gecancelt wurde<\/a>. Und so weiter und so weiter.<\/p>\n<p>Vielleicht haben die Freiwildernden endg\u00fcltig genug von derlei Eskapaden und ver\u00f6ffentlichten heute ein Statement, das &#8222;klare Kante&#8220; gegen AfDler und Pegidioten r\u00fcberbringen will, und sich solidarisch f\u00fcr Fl\u00fcchtlinge ausspricht. <\/p>\n<blockquote><p>AfD &#038; Pegida: &#8222;Verpisst euch! Ihr seid schei\u00dfe!&#8220;<\/p><\/blockquote>\n<p> Wie fast immer in jenen Kreisen mit der klemmenden Taste des Ausrufezeichens !!! Inklusive Leerzeichen davor, versteht sich. Nun gut.<\/p>\n<img loading=\"lazy\" decoding=\"async\" src=\"https:\/\/www.kraftfuttermischwerk.de\/blogg\/wp-content\/uploads2\/2015\/08\/Ohne-Titel-6.jpg\" alt=\"Ohne Titel 6\" width=\"776\" height=\"1034\" class=\"alignnone size-full wp-image-93015\" srcset=\"https:\/\/www.kraftfuttermischwerk.de\/blogg\/wp-content\/uploads2\/2015\/08\/Ohne-Titel-6.jpg 776w, https:\/\/www.kraftfuttermischwerk.de\/blogg\/wp-content\/uploads2\/2015\/08\/Ohne-Titel-6-225x300.jpg 225w, https:\/\/www.kraftfuttermischwerk.de\/blogg\/wp-content\/uploads2\/2015\/08\/Ohne-Titel-6-600x799.jpg 600w\" sizes=\"auto, (max-width: 776px) 100vw, 776px\" \/>\n<p>Ja, man kann das als Marketing-Move verstehen wollen. Ich habe keine Ahnung, was genau Frei.Wild zu diesem Schritt bewegt hat. Ich werde die Musik dennoch beschissen finden und das patriotische Gejammer wird mir auch weiterhin gepflegt auf den Saque gehen. Genau wie ich Til Schweiger trotz seines ganz pers\u00f6nlichen Einsatzes f\u00fcr ein Fl\u00fcchtlingsheim trotzdem noch voll bl\u00f6de finden kann. <\/p>\n<p>Sch\u00f6n hieran allerdings ist die sich daraus jetzt ergebende <a href=\"https:\/\/www.facebook.com\/Frei.Wild\/photos\/a.433543094594.220283.155925984594\/10153573731404595\/?type=1&#038;theater\">Facebook-Debatte<\/a> der Frei.Wild Fans, von denen mir manche seit Jahren in den Ohren liegen, dass die S\u00fcdtiroler Patridioten ja keine Nazis w\u00e4ren. Jetzt, wo es um eine ziemlich deutliche Distanzierung von den Fremdenfeinden geht, finden die das auch wieder nicht richtig und irgendwie alles doof. Sogar &#8222;Dislikes&#8220; wurden als Sanktion darauf umgesetzt. Haha!<\/p>\n<div align=\"center\">\n<blockquote class=\"twitter-tweet\" lang=\"en\">\n<p lang=\"de\" dir=\"ltr\">Der Spin ist pures Gold: Erst jammerten alle, dass das ja keine Nazis w\u00e4ren und jetzt heulen alle, weil sie tats\u00e4chlich keine sein wollen.<\/p>\n<p>&mdash; Ronny Kraak (@das_kfmw) <a href=\"https:\/\/twitter.com\/das_kfmw\/status\/632253631241261056\">August 14, 2015<\/a><\/p><\/blockquote>\n<p><script async src=\"\/\/platform.twitter.com\/widgets.js\" charset=\"utf-8\"><\/script><\/div>\n<p>Ich habe das heute nur am Rande mitbekommen und nur wenige der noch verbleibenden Kommentare screenshoten k\u00f6nnen &#8211; die ganz krassen Hater-Comments werden wohl gel\u00f6scht. Schneller als bei mir, ey!<\/p>\n<p>Hier ein kleine Auswahl von Kommentaren, die das Statement jetzt auch irgendwie doof finden. &#8222;Wir waren ja nie Nazis, aber wenn wir jetzt sagen, dass wir keine sind, ist das auch irgendwie bl\u00f6de!&#8220; Oder so \u00e4hnlich. Im Hinblick auf die Kommentare der letzten Jahre ist das pures Internet-Debatten-Gold.<\/p>\n<img loading=\"lazy\" decoding=\"async\" src=\"https:\/\/www.kraftfuttermischwerk.de\/blogg\/wp-content\/uploads2\/2015\/08\/freiwild9.png\" alt=\"freiwild9\" width=\"600\" height=\"299\" class=\"alignnone size-full wp-image-93004\" srcset=\"https:\/\/www.kraftfuttermischwerk.de\/blogg\/wp-content\/uploads2\/2015\/08\/freiwild9.png 600w, https:\/\/www.kraftfuttermischwerk.de\/blogg\/wp-content\/uploads2\/2015\/08\/freiwild9-300x150.png 300w\" sizes=\"auto, (max-width: 600px) 100vw, 600px\" \/>\n<img loading=\"lazy\" decoding=\"async\" src=\"https:\/\/www.kraftfuttermischwerk.de\/blogg\/wp-content\/uploads2\/2015\/08\/freiwild8.png\" alt=\"freiwild8\" width=\"600\" height=\"254\" class=\"alignnone size-full wp-image-93005\" srcset=\"https:\/\/www.kraftfuttermischwerk.de\/blogg\/wp-content\/uploads2\/2015\/08\/freiwild8.png 600w, https:\/\/www.kraftfuttermischwerk.de\/blogg\/wp-content\/uploads2\/2015\/08\/freiwild8-300x127.png 300w\" sizes=\"auto, (max-width: 600px) 100vw, 600px\" \/>\n<img loading=\"lazy\" decoding=\"async\" src=\"https:\/\/www.kraftfuttermischwerk.de\/blogg\/wp-content\/uploads2\/2015\/08\/freiwild7.jpg\" alt=\"freiwild7\" width=\"600\" height=\"670\" class=\"alignnone size-full wp-image-93006\" srcset=\"https:\/\/www.kraftfuttermischwerk.de\/blogg\/wp-content\/uploads2\/2015\/08\/freiwild7.jpg 600w, https:\/\/www.kraftfuttermischwerk.de\/blogg\/wp-content\/uploads2\/2015\/08\/freiwild7-269x300.jpg 269w\" sizes=\"auto, (max-width: 600px) 100vw, 600px\" \/>\n<img loading=\"lazy\" decoding=\"async\" src=\"https:\/\/www.kraftfuttermischwerk.de\/blogg\/wp-content\/uploads2\/2015\/08\/freiwild6.png\" alt=\"freiwild6\" width=\"600\" height=\"75\" class=\"alignnone size-full wp-image-93007\" srcset=\"https:\/\/www.kraftfuttermischwerk.de\/blogg\/wp-content\/uploads2\/2015\/08\/freiwild6.png 600w, https:\/\/www.kraftfuttermischwerk.de\/blogg\/wp-content\/uploads2\/2015\/08\/freiwild6-300x38.png 300w, https:\/\/www.kraftfuttermischwerk.de\/blogg\/wp-content\/uploads2\/2015\/08\/freiwild6-588x75.png 588w\" sizes=\"auto, (max-width: 600px) 100vw, 600px\" \/>\n<img loading=\"lazy\" decoding=\"async\" src=\"https:\/\/www.kraftfuttermischwerk.de\/blogg\/wp-content\/uploads2\/2015\/08\/freiwild6.jpg\" alt=\"freiwild6\" width=\"600\" height=\"135\" class=\"alignnone size-full wp-image-93008\" srcset=\"https:\/\/www.kraftfuttermischwerk.de\/blogg\/wp-content\/uploads2\/2015\/08\/freiwild6.jpg 600w, https:\/\/www.kraftfuttermischwerk.de\/blogg\/wp-content\/uploads2\/2015\/08\/freiwild6-300x68.jpg 300w\" sizes=\"auto, (max-width: 600px) 100vw, 600px\" \/>\n<img loading=\"lazy\" decoding=\"async\" src=\"https:\/\/www.kraftfuttermischwerk.de\/blogg\/wp-content\/uploads2\/2015\/08\/freiwild5.jpg\" alt=\"freiwild5\" width=\"600\" height=\"91\" class=\"alignnone size-full wp-image-93009\" srcset=\"https:\/\/www.kraftfuttermischwerk.de\/blogg\/wp-content\/uploads2\/2015\/08\/freiwild5.jpg 600w, https:\/\/www.kraftfuttermischwerk.de\/blogg\/wp-content\/uploads2\/2015\/08\/freiwild5-300x46.jpg 300w\" sizes=\"auto, (max-width: 600px) 100vw, 600px\" \/>\n<img loading=\"lazy\" decoding=\"async\" src=\"https:\/\/www.kraftfuttermischwerk.de\/blogg\/wp-content\/uploads2\/2015\/08\/freiwild4.jpg\" alt=\"freiwild4\" width=\"600\" height=\"193\" class=\"alignnone size-full wp-image-93010\" srcset=\"https:\/\/www.kraftfuttermischwerk.de\/blogg\/wp-content\/uploads2\/2015\/08\/freiwild4.jpg 600w, https:\/\/www.kraftfuttermischwerk.de\/blogg\/wp-content\/uploads2\/2015\/08\/freiwild4-300x97.jpg 300w\" sizes=\"auto, (max-width: 600px) 100vw, 600px\" \/>\n<img loading=\"lazy\" decoding=\"async\" src=\"https:\/\/www.kraftfuttermischwerk.de\/blogg\/wp-content\/uploads2\/2015\/08\/freiwild3.jpg\" alt=\"freiwild3\" width=\"600\" height=\"294\" class=\"alignnone size-full wp-image-93011\" srcset=\"https:\/\/www.kraftfuttermischwerk.de\/blogg\/wp-content\/uploads2\/2015\/08\/freiwild3.jpg 600w, https:\/\/www.kraftfuttermischwerk.de\/blogg\/wp-content\/uploads2\/2015\/08\/freiwild3-300x147.jpg 300w, https:\/\/www.kraftfuttermischwerk.de\/blogg\/wp-content\/uploads2\/2015\/08\/freiwild3-588x289.jpg 588w\" sizes=\"auto, (max-width: 600px) 100vw, 600px\" \/>\n<img loading=\"lazy\" decoding=\"async\" src=\"https:\/\/www.kraftfuttermischwerk.de\/blogg\/wp-content\/uploads2\/2015\/08\/freiwild2.jpg\" alt=\"freiwild2\" width=\"600\" height=\"745\" class=\"alignnone size-full wp-image-93012\" srcset=\"https:\/\/www.kraftfuttermischwerk.de\/blogg\/wp-content\/uploads2\/2015\/08\/freiwild2.jpg 600w, https:\/\/www.kraftfuttermischwerk.de\/blogg\/wp-content\/uploads2\/2015\/08\/freiwild2-242x300.jpg 242w\" sizes=\"auto, (max-width: 600px) 100vw, 600px\" \/>\n<img loading=\"lazy\" decoding=\"async\" src=\"https:\/\/www.kraftfuttermischwerk.de\/blogg\/wp-content\/uploads2\/2015\/08\/freiwild1.jpg\" alt=\"freiwild1\" width=\"600\" height=\"458\" class=\"alignnone size-full wp-image-93013\" srcset=\"https:\/\/www.kraftfuttermischwerk.de\/blogg\/wp-content\/uploads2\/2015\/08\/freiwild1.jpg 600w, https:\/\/www.kraftfuttermischwerk.de\/blogg\/wp-content\/uploads2\/2015\/08\/freiwild1-300x229.jpg 300w\" sizes=\"auto, (max-width: 600px) 100vw, 600px\" \/>\n<p>Aber es gibt tats\u00e4chlich so etwas wie vern\u00fcnftige Stimmen. <\/p>\n<img loading=\"lazy\" decoding=\"async\" src=\"https:\/\/www.kraftfuttermischwerk.de\/blogg\/wp-content\/uploads2\/2015\/08\/freiwild10.png\" alt=\"freiwild10\" width=\"600\" height=\"91\" class=\"alignnone size-full wp-image-93003\" srcset=\"https:\/\/www.kraftfuttermischwerk.de\/blogg\/wp-content\/uploads2\/2015\/08\/freiwild10.png 600w, https:\/\/www.kraftfuttermischwerk.de\/blogg\/wp-content\/uploads2\/2015\/08\/freiwild10-300x46.png 300w\" sizes=\"auto, (max-width: 600px) 100vw, 600px\" \/>\n","protected":false},"excerpt":{"rendered":"<p>Ich mag Frei.Wild nicht. Mir geht das patriotische Gejammer auf den Saque und ich finde die Musik beschissen. Das wird man ja wohl noch sagen&#8230;<\/p>\n<div class=\"more-link-wrapper\"><a class=\"more-link\" href=\"https:\/\/www.kraftfuttermischwerk.de\/blogg\/finden-die-fans-auch-doof-frei-wild-wollen-jetzt-endgueltig-und-in-echt-ganz-wirklich-nicht-mehr-fuer-nazis-spielen\/\">Mehr lesen -&gt;<span class=\"screen-reader-text\">Finden die Fans auch doof: Frei.Wild wollen jetzt endg\u00fcltig und in echt ganz wirklich nicht mehr f\u00fcr Nazis spielen<\/span><\/a><\/div>\n","protected":false},"author":1,"featured_media":93017,"comment_status":"open","ping_status":"open","sticky":false,"template":"","format":"standard","meta":{"jetpack_post_was_ever_published":false,"_jetpack_newsletter_access":"","_jetpack_dont_email_post_to_subs":false,"_jetpack_newsletter_tier_id":0,"_jetpack_memberships_contains_paywalled_content":false,"_jetpack_memberships_contains_paid_content":false,"footnotes":""},"categories":[6],"tags":[2008,1624,447,896],"class_list":["post-93001","post","type-post","status-publish","format-standard","has-post-thumbnail","hentry","category-alltaglicher-sinnwahn","tag-comments","tag-frei-wild","tag-nazis","tag-refugees","entry"],"jetpack_featured_media_url":"https:\/\/www.kraftfuttermischwerk.de\/blogg\/wp-content\/uploads2\/2015\/08\/giphy.gif","jetpack_shortlink":"https:\/\/wp.me\/pXEnA-oc1","jetpack-related-posts":[],"jetpack_sharing_enabled":true,"_links":{"self":[{"href":"https:\/\/www.kraftfuttermischwerk.de\/blogg\/wp-json\/wp\/v2\/posts\/93001","targetHints":{"allow":["GET"]}}],"collection":[{"href":"https:\/\/www.kraftfuttermischwerk.de\/blogg\/wp-json\/wp\/v2\/posts"}],"about":[{"href":"https:\/\/www.kraftfuttermischwerk.de\/blogg\/wp-json\/wp\/v2\/types\/post"}],"author":[{"embeddable":true,"href":"https:\/\/www.kraftfuttermischwerk.de\/blogg\/wp-json\/wp\/v2\/users\/1"}],"replies":[{"embeddable":true,"href":"https:\/\/www.kraftfuttermischwerk.de\/blogg\/wp-json\/wp\/v2\/comments?post=93001"}],"version-history":[{"count":7,"href":"https:\/\/www.kraftfuttermischwerk.de\/blogg\/wp-json\/wp\/v2\/posts\/93001\/revisions"}],"predecessor-version":[{"id":93046,"href":"https:\/\/www.kraftfuttermischwerk.de\/blogg\/wp-json\/wp\/v2\/posts\/93001\/revisions\/93046"}],"wp:featuredmedia":[{"embeddable":true,"href":"https:\/\/www.kraftfuttermischwerk.de\/blogg\/wp-json\/wp\/v2\/media\/93017"}],"wp:attachment":[{"href":"https:\/\/www.kraftfuttermischwerk.de\/blogg\/wp-json\/wp\/v2\/media?parent=93001"}],"wp:term":[{"taxonomy":"category","embeddable":true,"href":"https:\/\/www.kraftfuttermischwerk.de\/blogg\/wp-json\/wp\/v2\/categories?post=93001"},{"taxonomy":"post_tag","embeddable":true,"href":"https:\/\/www.kraftfuttermischwerk.de\/blogg\/wp-json\/wp\/v2\/tags?post=93001"}],"curies":[{"name":"wp","href":"https:\/\/api.w.org\/{rel}","templated":true}]}}