{"id":93528,"date":"2015-08-26T13:39:13","date_gmt":"2015-08-26T11:39:13","guid":{"rendered":"http:\/\/www.kraftfuttermischwerk.de\/blogg\/?p=93528"},"modified":"2015-08-26T13:39:13","modified_gmt":"2015-08-26T11:39:13","slug":"diese-politik-ist-eine-schande-fuer-dieses-land","status":"publish","type":"post","link":"https:\/\/www.kraftfuttermischwerk.de\/blogg\/diese-politik-ist-eine-schande-fuer-dieses-land\/","title":{"rendered":"&#8222;Diese Politik ist eine Schande f\u00fcr dieses Land&#8220;"},"content":{"rendered":"<p>Ein h\u00f6renswerter Kommentar von Georg Restle.<\/p>\n<blockquote><p>&#8222;Na endlich: Scheint fast so, als h\u00e4tten Regierung und Kanzlerin begriffen, dass man den fremdenfeindlichen Exzessen in Deutschland nicht weiter schweigend zuschauen kann. &#8222;Absto\u00dfend&#8220;, &#8222;besch\u00e4mend&#8220;, eine &#8222;Schande f\u00fcr Deutschland&#8220;. Klingt entschlossen.<\/p>\n<p>Aber wir sollten uns nicht t\u00e4uschen: Klar, die rechtsextremen Gewaltt\u00e4ter und ihre brav-biederen Unterst\u00fctzer sind eine Schande f\u00fcr dieses Land. Die eigentliche Schande aber ist die deutsche und europ\u00e4ische Fl\u00fcchtlingspolitik. Eine Fl\u00fcchtlingspolitik, die die Ursachen f\u00fcr die Flucht von Millionen Menschen nicht bek\u00e4mpft, sondern sie immer wieder aufs Neue schafft.<\/p>\n<p>Zum Beispiel im Kosovo, wo auch diese Bundesregierung ihr Versprechen gebrochen hat, dem Land nach dem Krieg wieder auf die Beine zu helfen und stattdessen ein hochkorruptes Regime unterst\u00fctzt, das die Menschen in die Flucht treibt.<\/p>\n<p>Zum Beispiel in Syrien, wo diese Bundesregierung die Politik eines t\u00fcrkischen Pr\u00e4sidenten unterst\u00fctzt, der islamistische M\u00f6rderbanden mit Waffen versorgt. M\u00f6rderbanden, vor denen Hunderttausende nach Europa fliehen.<\/p>\n<p>Oder Afrika, wo der deutsche Au\u00dfenminister einen Pakt mit den schlimmsten Despoten des Kontinents schlie\u00dfen will. Einen Pakt, der verhindern soll, dass politisch Verfolgte ihr Land verlassen k\u00f6nnen und sie stattdessen ihren Verfolgern ausliefert.<\/p>\n<p>Diese Politik ist eine Schande f\u00fcr dieses Land. Daran m\u00fcsste etwas ge\u00e4ndert werden. Mit kernigen Parolen allein ist jedenfalls niemandem geholfen.&#8220;<\/p><\/blockquote>\n<div class=\"fb-video\" data-href=\"https:\/\/www.facebook.com\/tagesschau\/videos\/10153536478349407\/\" data-width=\"600\">\n<div class=\"fb-xfbml-parse-ignore\">\n<blockquote cite=\"https:\/\/www.facebook.com\/tagesschau\/videos\/10153536478349407\/\"><p><a href=\"https:\/\/www.facebook.com\/tagesschau\/videos\/10153536478349407\/\">&quot;Diese Politik ist eine Schande f\u00fcr dieses Land&quot;<\/a><\/p>\n<p>&quot;Na endlich: Scheint fast so, als h\u00e4tten Regierung und Kanzlerin begriffen, dass man den fremdenfeindlichen Exzessen in Deutschland nicht weiter schweigend zuschauen kann. &quot;Absto\u00dfend&quot;, &quot;besch\u00e4mend&quot;, eine &quot;Schande f\u00fcr Deutschland&quot;. Klingt entschlossen.<\/p>\n<p>Aber wir sollten uns nicht t\u00e4uschen: Klar, die rechtsextremen Gewaltt\u00e4ter und ihre brav-biederen Unterst\u00fctzer sind eine Schande f\u00fcr dieses Land. Die eigentliche Schande aber ist die deutsche und europ\u00e4ische Fl\u00fcchtlingspolitik. Eine Fl\u00fcchtlingspolitik, die die Ursachen f\u00fcr die Flucht von Millionen Menschen nicht bek\u00e4mpft, sondern sie immer wieder aufs Neue schafft.<\/p>\n<p>Zum Beispiel im Kosovo, wo auch diese Bundesregierung ihr Versprechen gebrochen hat, dem Land nach dem Krieg wieder auf die Beine zu helfen und stattdessen ein hochkorruptes Regime unterst\u00fctzt, das die Menschen in die Flucht treibt.<\/p>\n<p>Zum Beispiel in Syrien, wo diese Bundesregierung die Politik eines t\u00fcrkischen Pr\u00e4sidenten unterst\u00fctzt, der islamistische M\u00f6rderbanden mit Waffen versorgt. M\u00f6rderbanden, vor denen Hunderttausende nach Europa fliehen.<\/p>\n<p>Oder Afrika, wo der deutsche Au\u00dfenminister einen Pakt mit den schlimmsten Despoten des Kontinents schlie\u00dfen will. Einen Pakt, der verhindern soll, dass politisch Verfolgte ihr Land verlassen k\u00f6nnen und sie stattdessen ihren Verfolgern ausliefert.<\/p>\n<p>Diese Politik ist eine Schande f\u00fcr dieses Land. Daran m\u00fcsste etwas ge\u00e4ndert werden. Mit kernigen Parolen allein ist jedenfalls niemandem geholfen.&quot;<\/p>\n<p>Ein tagesthemen-Kommentar von Georg Restle.<\/p>\n<p>Posted by <a href=\"https:\/\/www.facebook.com\/tagesschau\">tagesschau<\/a> on Dienstag, 25. August 2015<\/p><\/blockquote>\n<\/div>\n<\/div>\n<p><\/br><\/p>\n","protected":false},"excerpt":{"rendered":"<p>Ein h\u00f6renswerter Kommentar von Georg Restle. &#8222;Na endlich: Scheint fast so, als h\u00e4tten Regierung und Kanzlerin begriffen, dass man den fremdenfeindlichen Exzessen in Deutschland nicht&#8230;<\/p>\n<div class=\"more-link-wrapper\"><a class=\"more-link\" href=\"https:\/\/www.kraftfuttermischwerk.de\/blogg\/diese-politik-ist-eine-schande-fuer-dieses-land\/\">Mehr lesen -&gt;<span class=\"screen-reader-text\">&#8222;Diese Politik ist eine Schande f\u00fcr dieses Land&#8220;<\/span><\/a><\/div>\n","protected":false},"author":1,"featured_media":93532,"comment_status":"open","ping_status":"open","sticky":false,"template":"","format":"standard","meta":{"jetpack_post_was_ever_published":false,"_jetpack_newsletter_access":"","_jetpack_dont_email_post_to_subs":false,"_jetpack_newsletter_tier_id":0,"_jetpack_memberships_contains_paywalled_content":false,"_jetpack_memberships_contains_paid_content":false,"footnotes":""},"categories":[6],"tags":[190,896],"class_list":["post-93528","post","type-post","status-publish","format-standard","has-post-thumbnail","hentry","category-alltaglicher-sinnwahn","tag-politics","tag-refugees","entry"],"jetpack_featured_media_url":"https:\/\/www.kraftfuttermischwerk.de\/blogg\/wp-content\/uploads2\/2015\/08\/Bildschirmfoto-2015-08-26-um-13.37.28.jpg","jetpack_shortlink":"https:\/\/wp.me\/pXEnA-okw","jetpack-related-posts":[],"jetpack_sharing_enabled":true,"_links":{"self":[{"href":"https:\/\/www.kraftfuttermischwerk.de\/blogg\/wp-json\/wp\/v2\/posts\/93528","targetHints":{"allow":["GET"]}}],"collection":[{"href":"https:\/\/www.kraftfuttermischwerk.de\/blogg\/wp-json\/wp\/v2\/posts"}],"about":[{"href":"https:\/\/www.kraftfuttermischwerk.de\/blogg\/wp-json\/wp\/v2\/types\/post"}],"author":[{"embeddable":true,"href":"https:\/\/www.kraftfuttermischwerk.de\/blogg\/wp-json\/wp\/v2\/users\/1"}],"replies":[{"embeddable":true,"href":"https:\/\/www.kraftfuttermischwerk.de\/blogg\/wp-json\/wp\/v2\/comments?post=93528"}],"version-history":[{"count":5,"href":"https:\/\/www.kraftfuttermischwerk.de\/blogg\/wp-json\/wp\/v2\/posts\/93528\/revisions"}],"predecessor-version":[{"id":93534,"href":"https:\/\/www.kraftfuttermischwerk.de\/blogg\/wp-json\/wp\/v2\/posts\/93528\/revisions\/93534"}],"wp:featuredmedia":[{"embeddable":true,"href":"https:\/\/www.kraftfuttermischwerk.de\/blogg\/wp-json\/wp\/v2\/media\/93532"}],"wp:attachment":[{"href":"https:\/\/www.kraftfuttermischwerk.de\/blogg\/wp-json\/wp\/v2\/media?parent=93528"}],"wp:term":[{"taxonomy":"category","embeddable":true,"href":"https:\/\/www.kraftfuttermischwerk.de\/blogg\/wp-json\/wp\/v2\/categories?post=93528"},{"taxonomy":"post_tag","embeddable":true,"href":"https:\/\/www.kraftfuttermischwerk.de\/blogg\/wp-json\/wp\/v2\/tags?post=93528"}],"curies":[{"name":"wp","href":"https:\/\/api.w.org\/{rel}","templated":true}]}}