{"id":93877,"date":"2015-09-03T08:59:55","date_gmt":"2015-09-03T06:59:55","guid":{"rendered":"http:\/\/www.kraftfuttermischwerk.de\/blogg\/?p=93877"},"modified":"2015-09-03T08:59:55","modified_gmt":"2015-09-03T06:59:55","slug":"der-neue-von-technics-jetzt-auch-mit-tonarm","status":"publish","type":"post","link":"https:\/\/www.kraftfuttermischwerk.de\/blogg\/der-neue-von-technics-jetzt-auch-mit-tonarm\/","title":{"rendered":"Der neue von Technics &#8211; jetzt auch mit Tonarm"},"content":{"rendered":"<p>Ein wenig am\u00fcsiert mich diese gern verbreitete Haltung, erstmal ablehnend auf etwas zu regieren, an das man sich \u00fcber die Jahre hinweg so sch\u00f6n gew\u00f6hnt hat. Das haben die meisten unserer Eltern schon getan und zeugt davon, dass auch viele von uns so langsam in die Jahre kommen. Und das ohne es zu wollen oder gar zu merken.<\/p>\n<p><a href=\"https:\/\/www.kraftfuttermischwerk.de\/blogg\/panasonic-stellt-auf-der-ifa-einen-neuen-technics-plattenspieler-vor\/\">Technics bringt einen neuen Plattenspieler<\/a>, wurde gestern vermeldet. Ohne das den jemand mal angefasst oder gar geh\u00f6rt h\u00e4tte, wird erstmal am Design rumgemosert. Klar, mehr bleibt aktuell ja auch erstmal nicht. Die n\u00e4chsten mosern, dass das Teil wohl er nicht f\u00fcr die DJ-Kanzel gedacht ist, sondern eher dem Audio-Liebhaber im High-End-Bereich auf die Ohren geschnitten wurde. &#8222;Die sollen mal lieber den alten 1210er wieder in die Regale bringen!&#8220; und so. <\/p>\n<p>Es wird Gr\u00fcnde gegeben haben, die Produktion desselbigen zu stoppen. Vermutlich wirtschaftliche &#8211; wie das meistens ja so ist. Und dann bauen die halt kein altes Model mehr, was am Ende wohl einfach eben doch zu wenige gekauft haben. Wer heute einen DJ-Plattenspieler will, muss sich bei der Konkurrenz umsehen, die es ja auch gibt. <\/p>\n<p>Lange Rede, wenig Gehaltvolles: Mir ist egal, ob es neue Technics f\u00fcr DJs geben wird. Ich habe meine beiden hier im Keller stehen und sie seit gut 8 Jahren nicht ein einziges Mal benutzt. Weil Vinyl und so. Mich am\u00fcsiert eben nur die Aufregung dar\u00fcber, dass irgendwelche Erwartungen jetzt nicht bedient werden. Aber ich finde das hier einfach zu gut, um es nicht zu bringen. <\/p>\n<p>Der neue Technics. Mit Tonarm. Da wird ja wohl keiner mehr was zu mosern haben.<\/p>\n<img loading=\"lazy\" decoding=\"async\" src=\"https:\/\/www.kraftfuttermischwerk.de\/blogg\/wp-content\/uploads2\/2015\/09\/Bildschirmfoto-2015-09-03-um-08.40.18.jpg\" alt=\"Bildschirmfoto 2015-09-03 um 08.40.18\" width=\"1574\" height=\"956\" class=\"alignnone size-full wp-image-93878\" srcset=\"https:\/\/www.kraftfuttermischwerk.de\/blogg\/wp-content\/uploads2\/2015\/09\/Bildschirmfoto-2015-09-03-um-08.40.18.jpg 1574w, https:\/\/www.kraftfuttermischwerk.de\/blogg\/wp-content\/uploads2\/2015\/09\/Bildschirmfoto-2015-09-03-um-08.40.18-300x182.jpg 300w, https:\/\/www.kraftfuttermischwerk.de\/blogg\/wp-content\/uploads2\/2015\/09\/Bildschirmfoto-2015-09-03-um-08.40.18-600x364.jpg 600w\" sizes=\"auto, (max-width: 1574px) 100vw, 1574px\" \/>\n","protected":false},"excerpt":{"rendered":"<p>Ein wenig am\u00fcsiert mich diese gern verbreitete Haltung, erstmal ablehnend auf etwas zu regieren, an das man sich \u00fcber die Jahre hinweg so sch\u00f6n gew\u00f6hnt&#8230;<\/p>\n<div class=\"more-link-wrapper\"><a class=\"more-link\" href=\"https:\/\/www.kraftfuttermischwerk.de\/blogg\/der-neue-von-technics-jetzt-auch-mit-tonarm\/\">Mehr lesen -&gt;<span class=\"screen-reader-text\">Der neue von Technics &#8211; jetzt auch mit Tonarm<\/span><\/a><\/div>\n","protected":false},"author":1,"featured_media":0,"comment_status":"open","ping_status":"open","sticky":false,"template":"","format":"standard","meta":{"jetpack_post_was_ever_published":false,"_jetpack_newsletter_access":"","_jetpack_dont_email_post_to_subs":false,"_jetpack_newsletter_tier_id":0,"_jetpack_memberships_contains_paywalled_content":false,"_jetpack_memberships_contains_paid_content":false,"footnotes":""},"categories":[1],"tags":[755],"class_list":["post-93877","post","type-post","status-publish","format-standard","hentry","category-nur-mal-so","tag-technics","entry"],"jetpack_featured_media_url":"","jetpack_shortlink":"https:\/\/wp.me\/pXEnA-oq9","jetpack-related-posts":[],"jetpack_sharing_enabled":true,"_links":{"self":[{"href":"https:\/\/www.kraftfuttermischwerk.de\/blogg\/wp-json\/wp\/v2\/posts\/93877","targetHints":{"allow":["GET"]}}],"collection":[{"href":"https:\/\/www.kraftfuttermischwerk.de\/blogg\/wp-json\/wp\/v2\/posts"}],"about":[{"href":"https:\/\/www.kraftfuttermischwerk.de\/blogg\/wp-json\/wp\/v2\/types\/post"}],"author":[{"embeddable":true,"href":"https:\/\/www.kraftfuttermischwerk.de\/blogg\/wp-json\/wp\/v2\/users\/1"}],"replies":[{"embeddable":true,"href":"https:\/\/www.kraftfuttermischwerk.de\/blogg\/wp-json\/wp\/v2\/comments?post=93877"}],"version-history":[{"count":3,"href":"https:\/\/www.kraftfuttermischwerk.de\/blogg\/wp-json\/wp\/v2\/posts\/93877\/revisions"}],"predecessor-version":[{"id":93881,"href":"https:\/\/www.kraftfuttermischwerk.de\/blogg\/wp-json\/wp\/v2\/posts\/93877\/revisions\/93881"}],"wp:attachment":[{"href":"https:\/\/www.kraftfuttermischwerk.de\/blogg\/wp-json\/wp\/v2\/media?parent=93877"}],"wp:term":[{"taxonomy":"category","embeddable":true,"href":"https:\/\/www.kraftfuttermischwerk.de\/blogg\/wp-json\/wp\/v2\/categories?post=93877"},{"taxonomy":"post_tag","embeddable":true,"href":"https:\/\/www.kraftfuttermischwerk.de\/blogg\/wp-json\/wp\/v2\/tags?post=93877"}],"curies":[{"name":"wp","href":"https:\/\/api.w.org\/{rel}","templated":true}]}}