{"id":93886,"date":"2015-09-03T10:23:53","date_gmt":"2015-09-03T08:23:53","guid":{"rendered":"http:\/\/www.kraftfuttermischwerk.de\/blogg\/?p=93886"},"modified":"2015-09-03T10:31:50","modified_gmt":"2015-09-03T08:31:50","slug":"tut-endlich-was","status":"publish","type":"post","link":"https:\/\/www.kraftfuttermischwerk.de\/blogg\/tut-endlich-was\/","title":{"rendered":"Tut endlich was!"},"content":{"rendered":"<p><a href=\"http:\/\/www.spiegel.de\/politik\/ausland\/foto-von-ertrunkenen-fluechtlingskind-geht-um-die-welt-a-1051155.html\">Nachrichten und Aufnahmen wie diese<\/a> sind nicht nur Konsequenz der aktuell weltpolitischen Lage, sondern sind gerade jetzt auch Folgen der europ\u00e4ischen Fl\u00fcchtlingspolitik, die sich der Problematik in keiner Weise menschlich annehmen will, wie es scheint.  Tut endlich was! Auch oder gerade weil man dann mal seine politische Komfortzone, die man sich \u00fcber Jahre hinweg so sch\u00f6n durch die europ\u00e4ischen Au\u00dfengrenzen hat sch\u00fctzen lassen, als ginge das einen &#8211; wenn \u00fcberhaupt &#8211; nur sekund\u00e4r was an, verlassen muss.   Begriffe wie &#8222;humanit\u00e4re Katastrophe&#8220; reichen da nicht mehr aus.<\/p>\n<blockquote><p>Ein kleiner Junge liegt am Strand, das Gesicht im Sand, die Arme sind nach hinten gestreckt, sein rotes T-Shirt ist durchn\u00e4sst. Der Junge ist tot. Dies ist eines von mehreren schockierenden Fotos, die derzeit um die Welt gehen. Sie zeigen ein ertrunkenes Fl\u00fcchtlingskind, das an einem Strand im t\u00fcrkischen Bodrum angesp\u00fclt wurde. Ein weiteres Bild zeigt einen Polizisten, der den leblosen K\u00f6rper vorsichtig vom Strand tr\u00e4gt.<\/p>\n<p>Der Junge war laut Medienberichten offenbar erst drei Jahre alt und stammte aus Syrien. Er ist einer von vielen. <\/p><\/blockquote>\n<p>Ihr wolltet immer ein Europa sein! Es wird Zeit, das gerade jetzt auch mal au\u00dferhalb von \u00f6konomischen Gedanken umzusetzen. Und wenn das nicht reicht, macht es halt international! Auf allen Ebenen und mit Nachhaltigkeit. Verkauft keine Waffen, beendet eure Kriege, so naiv bis infantil das auch klingen mag. Ich wei\u00df, dass das alles nicht so einfach und auch sehr wohl komplex in der politischen Sache ist, aber wenn ihr das nicht k\u00f6nnt oder gar nicht erst wollt, lasst doch wenigstens Menschen, die darunter leiden m\u00fcssen, nicht vor euren verschlossen T\u00fcren verrecken, verdammte Schei\u00dfe! <\/p>\n","protected":false},"excerpt":{"rendered":"<p>Nachrichten und Aufnahmen wie diese sind nicht nur Konsequenz der aktuell weltpolitischen Lage, sondern sind gerade jetzt auch Folgen der europ\u00e4ischen Fl\u00fcchtlingspolitik, die sich der&#8230;<\/p>\n<div class=\"more-link-wrapper\"><a class=\"more-link\" href=\"https:\/\/www.kraftfuttermischwerk.de\/blogg\/tut-endlich-was\/\">Mehr lesen -&gt;<span class=\"screen-reader-text\">Tut endlich was!<\/span><\/a><\/div>\n","protected":false},"author":1,"featured_media":93894,"comment_status":"open","ping_status":"open","sticky":false,"template":"","format":"standard","meta":{"jetpack_post_was_ever_published":false,"_jetpack_newsletter_access":"","_jetpack_dont_email_post_to_subs":false,"_jetpack_newsletter_tier_id":0,"_jetpack_memberships_contains_paywalled_content":false,"_jetpack_memberships_contains_paid_content":false,"footnotes":""},"categories":[6],"tags":[897,896],"class_list":["post-93886","post","type-post","status-publish","format-standard","has-post-thumbnail","hentry","category-alltaglicher-sinnwahn","tag-europe","tag-refugees","entry"],"jetpack_featured_media_url":"https:\/\/www.kraftfuttermischwerk.de\/blogg\/wp-content\/uploads2\/2015\/09\/Bildschirmfoto-2015-09-03-um-10.22.131.png","jetpack_shortlink":"https:\/\/wp.me\/pXEnA-oqi","jetpack-related-posts":[],"jetpack_sharing_enabled":true,"_links":{"self":[{"href":"https:\/\/www.kraftfuttermischwerk.de\/blogg\/wp-json\/wp\/v2\/posts\/93886","targetHints":{"allow":["GET"]}}],"collection":[{"href":"https:\/\/www.kraftfuttermischwerk.de\/blogg\/wp-json\/wp\/v2\/posts"}],"about":[{"href":"https:\/\/www.kraftfuttermischwerk.de\/blogg\/wp-json\/wp\/v2\/types\/post"}],"author":[{"embeddable":true,"href":"https:\/\/www.kraftfuttermischwerk.de\/blogg\/wp-json\/wp\/v2\/users\/1"}],"replies":[{"embeddable":true,"href":"https:\/\/www.kraftfuttermischwerk.de\/blogg\/wp-json\/wp\/v2\/comments?post=93886"}],"version-history":[{"count":8,"href":"https:\/\/www.kraftfuttermischwerk.de\/blogg\/wp-json\/wp\/v2\/posts\/93886\/revisions"}],"predecessor-version":[{"id":93896,"href":"https:\/\/www.kraftfuttermischwerk.de\/blogg\/wp-json\/wp\/v2\/posts\/93886\/revisions\/93896"}],"wp:featuredmedia":[{"embeddable":true,"href":"https:\/\/www.kraftfuttermischwerk.de\/blogg\/wp-json\/wp\/v2\/media\/93894"}],"wp:attachment":[{"href":"https:\/\/www.kraftfuttermischwerk.de\/blogg\/wp-json\/wp\/v2\/media?parent=93886"}],"wp:term":[{"taxonomy":"category","embeddable":true,"href":"https:\/\/www.kraftfuttermischwerk.de\/blogg\/wp-json\/wp\/v2\/categories?post=93886"},{"taxonomy":"post_tag","embeddable":true,"href":"https:\/\/www.kraftfuttermischwerk.de\/blogg\/wp-json\/wp\/v2\/tags?post=93886"}],"curies":[{"name":"wp","href":"https:\/\/api.w.org\/{rel}","templated":true}]}}