{"id":93905,"date":"2015-09-03T14:35:17","date_gmt":"2015-09-03T12:35:17","guid":{"rendered":"http:\/\/www.kraftfuttermischwerk.de\/blogg\/?p=93905"},"modified":"2015-09-03T15:29:27","modified_gmt":"2015-09-03T13:29:27","slug":"fuer-fluechtende-in-budapest-faehrt-ein-zug-mit-der-aufschrift-europa-ohne-grenzen-seit-25-jahren","status":"publish","type":"post","link":"https:\/\/www.kraftfuttermischwerk.de\/blogg\/fuer-fluechtende-in-budapest-faehrt-ein-zug-mit-der-aufschrift-europa-ohne-grenzen-seit-25-jahren\/","title":{"rendered":"F\u00fcr Fl\u00fcchtende in Budapest f\u00e4hrt ein Zug mit der Aufschrift &#8222;Europa ohne Grenzen seit 25 Jahren\u201c"},"content":{"rendered":"<img loading=\"lazy\" decoding=\"async\" src=\"https:\/\/www.kraftfuttermischwerk.de\/blogg\/wp-content\/uploads2\/2015\/09\/keleti-keine-grenzen.jpg\" alt=\"keleti-keine-grenzen\" width=\"640\" height=\"375\" class=\"alignnone size-full wp-image-93906\" srcset=\"https:\/\/www.kraftfuttermischwerk.de\/blogg\/wp-content\/uploads2\/2015\/09\/keleti-keine-grenzen.jpg 640w, https:\/\/www.kraftfuttermischwerk.de\/blogg\/wp-content\/uploads2\/2015\/09\/keleti-keine-grenzen-300x176.jpg 300w, https:\/\/www.kraftfuttermischwerk.de\/blogg\/wp-content\/uploads2\/2015\/09\/keleti-keine-grenzen-600x352.jpg 600w\" sizes=\"auto, (max-width: 640px) 100vw, 640px\" \/>\n<p>Heute Vormittag wurde der Ostbahnhof in Budapest doch wieder f\u00fcr Fl\u00fcchtende ge\u00f6ffnet, die dort auf eine Weiterreise \u00fcber \u00d6sterreich nach Deutschland warten. Es gab tumultartige Szenen an einem Zug, weil alle auf einen Platz in diesem und eine Fahrt nach \u00d6sterreich hofften. Dieser Zug trug die Aufschrift \u201ePaneurop\u00e4isches Picknick. Europa ohne Grenzen seit 25 Jahren.\u201c  &#8211; und zeigte Menschen, die Stacheldraht \u00fcberwinden. Zynischer geht es kaum. <\/p>\n<blockquote class=\"twitter-video\" lang=\"en\">\n<p lang=\"en\" dir=\"ltr\">BREAKING: 8.48 am. Trainer arriving in <a href=\"https:\/\/twitter.com\/hashtag\/Budapest?src=hash\">#Budapest<\/a> <a href=\"https:\/\/twitter.com\/hashtag\/Keleti?src=hash\">#Keleti<\/a>. <a href=\"https:\/\/twitter.com\/hashtag\/Reguees?src=hash\">#Reguees<\/a> trying to geht access <a href=\"http:\/\/t.co\/KndDiAq8gt\">pic.twitter.com\/KndDiAq8gt<\/a><\/p>\n<p>&mdash; Martin Kaul (@martinkaul) <a href=\"https:\/\/twitter.com\/martinkaul\/status\/639331122162307076\">September 3, 2015<\/a><\/p><\/blockquote>\n<p><script async src=\"\/\/platform.twitter.com\/widgets.js\" charset=\"utf-8\"><\/script><\/p>\n<div align=\"center\">\n<blockquote class=\"twitter-tweet\" lang=\"en\">\n<p lang=\"de\" dir=\"ltr\">Anderer Teil der Lok des Zuges nach <a href=\"https:\/\/twitter.com\/hashtag\/Sopron?src=hash\">#Sopron<\/a> zeigt Deutsche, die Stacheldraht \u00fcberwinden und Freiheit genie\u00dfen <a href=\"http:\/\/t.co\/ZGbacMuDV4\">pic.twitter.com\/ZGbacMuDV4<\/a> <a href=\"https:\/\/twitter.com\/hashtag\/keleti?src=hash\">#keleti<\/a><\/p>\n<p>&mdash; GoaGoaZwerg (@GoaGoaZwerg) <a href=\"https:\/\/twitter.com\/GoaGoaZwerg\/status\/639389089414914048\">September 3, 2015<\/a><\/p><\/blockquote>\n<p><script async src=\"\/\/platform.twitter.com\/widgets.js\" charset=\"utf-8\"><\/script><\/div>\n<p><small>(via <a href=\"http:\/\/interweb3000.de\/2015\/09\/03\/zynismus-pur-oder-wenn-in-budapest-eine-lok-mit-der-aufschrift-paneuropaeisches-picknick-europa-ohne-grenzen-seit-25-jahren-aufs-gleis-faehrt\">Martin<\/a>)<\/small><\/p>\n<p>Der Zug verlie\u00df den Bahnhof, wurde allerding kurz darauf wieder <a href=\"http:\/\/www.spiegel.de\/politik\/ausland\/fluechtlinge-ungarn-stoppt-zug-mit-migranten-a-1051246.html\">gestoppt und von der Ungarischen Polizei ger\u00e4umt<\/a>. <\/p>\n<blockquote><p>Aus dem Zug gebrachte Fl\u00fcchtlinge schlugen demnach gegen die Fenster und riefen &#8222;Kein Lager, kein Lager&#8220;. In Bicske gibt es ein Auffanglager f\u00fcr Fl\u00fcchtlinge. Einige Migranten h\u00e4tten versucht wieder in die Waggons zu kommen. Die Polizei nahm angeblich Fl\u00fcchtlinge fest, die sich auf die Gleise gelegt haben, um gegen ihren Transport in ein Auffanglager zu protestieren. Dutzende seien geflohen, andere Fahrg\u00e4ste in einen Ersatzzug umgestiegen.\n<\/p><\/blockquote>\n<p>So richtig scheint keiner genau zu wissen, was  dort in Ungarn gerade vor sich geht. Fest steht mittlerweile, dass die Fl\u00fcchtenden von dem ger\u00e4umten Zug aus in ein nahegelegenes <a href=\"http:\/\/www.taz.de\/Fluechtlinge-vom-Budapester-Bahnhof\/!5229716\/\">Aufnahmelager  gebracht wurden<\/a>. Europa 2015. Zum Kotzen. <\/p>\n","protected":false},"excerpt":{"rendered":"<p>Heute Vormittag wurde der Ostbahnhof in Budapest doch wieder f\u00fcr Fl\u00fcchtende ge\u00f6ffnet, die dort auf eine Weiterreise \u00fcber \u00d6sterreich nach Deutschland warten. Es gab tumultartige&#8230;<\/p>\n<div class=\"more-link-wrapper\"><a class=\"more-link\" href=\"https:\/\/www.kraftfuttermischwerk.de\/blogg\/fuer-fluechtende-in-budapest-faehrt-ein-zug-mit-der-aufschrift-europa-ohne-grenzen-seit-25-jahren\/\">Mehr lesen -&gt;<span class=\"screen-reader-text\">F\u00fcr Fl\u00fcchtende in Budapest f\u00e4hrt ein Zug mit der Aufschrift &#8222;Europa ohne Grenzen seit 25 Jahren\u201c<\/span><\/a><\/div>\n","protected":false},"author":1,"featured_media":93906,"comment_status":"open","ping_status":"open","sticky":false,"template":"","format":"standard","meta":{"jetpack_post_was_ever_published":false,"_jetpack_newsletter_access":"","_jetpack_dont_email_post_to_subs":false,"_jetpack_newsletter_tier_id":0,"_jetpack_memberships_contains_paywalled_content":false,"_jetpack_memberships_contains_paid_content":false,"footnotes":""},"categories":[6],"tags":[249,896],"class_list":["post-93905","post","type-post","status-publish","format-standard","has-post-thumbnail","hentry","category-alltaglicher-sinnwahn","tag-hungary","tag-refugees","entry"],"jetpack_featured_media_url":"https:\/\/www.kraftfuttermischwerk.de\/blogg\/wp-content\/uploads2\/2015\/09\/keleti-keine-grenzen.jpg","jetpack_shortlink":"https:\/\/wp.me\/pXEnA-oqB","jetpack-related-posts":[],"jetpack_sharing_enabled":true,"_links":{"self":[{"href":"https:\/\/www.kraftfuttermischwerk.de\/blogg\/wp-json\/wp\/v2\/posts\/93905","targetHints":{"allow":["GET"]}}],"collection":[{"href":"https:\/\/www.kraftfuttermischwerk.de\/blogg\/wp-json\/wp\/v2\/posts"}],"about":[{"href":"https:\/\/www.kraftfuttermischwerk.de\/blogg\/wp-json\/wp\/v2\/types\/post"}],"author":[{"embeddable":true,"href":"https:\/\/www.kraftfuttermischwerk.de\/blogg\/wp-json\/wp\/v2\/users\/1"}],"replies":[{"embeddable":true,"href":"https:\/\/www.kraftfuttermischwerk.de\/blogg\/wp-json\/wp\/v2\/comments?post=93905"}],"version-history":[{"count":7,"href":"https:\/\/www.kraftfuttermischwerk.de\/blogg\/wp-json\/wp\/v2\/posts\/93905\/revisions"}],"predecessor-version":[{"id":93914,"href":"https:\/\/www.kraftfuttermischwerk.de\/blogg\/wp-json\/wp\/v2\/posts\/93905\/revisions\/93914"}],"wp:featuredmedia":[{"embeddable":true,"href":"https:\/\/www.kraftfuttermischwerk.de\/blogg\/wp-json\/wp\/v2\/media\/93906"}],"wp:attachment":[{"href":"https:\/\/www.kraftfuttermischwerk.de\/blogg\/wp-json\/wp\/v2\/media?parent=93905"}],"wp:term":[{"taxonomy":"category","embeddable":true,"href":"https:\/\/www.kraftfuttermischwerk.de\/blogg\/wp-json\/wp\/v2\/categories?post=93905"},{"taxonomy":"post_tag","embeddable":true,"href":"https:\/\/www.kraftfuttermischwerk.de\/blogg\/wp-json\/wp\/v2\/tags?post=93905"}],"curies":[{"name":"wp","href":"https:\/\/api.w.org\/{rel}","templated":true}]}}