{"id":94678,"date":"2015-09-22T09:06:59","date_gmt":"2015-09-22T07:06:59","guid":{"rendered":"http:\/\/www.kraftfuttermischwerk.de\/blogg\/?p=94678"},"modified":"2015-09-22T09:06:59","modified_gmt":"2015-09-22T07:06:59","slug":"mit-dem-fahrrad-auf-der-slackline","status":"publish","type":"post","link":"https:\/\/www.kraftfuttermischwerk.de\/blogg\/mit-dem-fahrrad-auf-der-slackline\/","title":{"rendered":"Mit dem Fahrrad auf der Slackline"},"content":{"rendered":"<p>&#8222;Nein!&#8220;, denk ich mir, &#8222;Macht der nicht! Macht der nicht wirklich!&#8220; Aber Trial-Pro Kenny Belaey zieht durch und f\u00e4hrt mit seinem Rad in den Alpen \u00fcber eine Slackline. Gesichert nat\u00fcrlich. Aber dennoch&#8230; Puh.<\/p>\n<blockquote><p>Kenny Belaey rides a slackline over a 112m drop in the French Alps at an altitude of 2700m.<\/p><\/blockquote>\n<p><span class=\"embed-youtube\" style=\"text-align:center; display: block;\"><iframe loading=\"lazy\" class=\"youtube-player\" width=\"640\" height=\"360\" src=\"https:\/\/www.youtube.com\/embed\/yLrZ4K1DI8U?version=3&#038;rel=1&#038;showsearch=0&#038;showinfo=1&#038;iv_load_policy=1&#038;fs=1&#038;hl=de-DE&#038;autohide=2&#038;wmode=transparent\" allowfullscreen=\"true\" style=\"border:0;\" sandbox=\"allow-scripts allow-same-origin allow-popups allow-presentation allow-popups-to-escape-sandbox\"><\/iframe><\/span><br \/>\n<small>(<a href=\"https:\/\/youtu.be\/yLrZ4K1DI8U\">Direktlink<\/a>, via <a href=\"http:\/\/www.likecool.com\/Slackline_Biking--Video--Gear.html\">Like Cool<\/a>)<\/small><\/p>\n","protected":false},"excerpt":{"rendered":"<p>&#8222;Nein!&#8220;, denk ich mir, &#8222;Macht der nicht! Macht der nicht wirklich!&#8220; Aber Trial-Pro Kenny Belaey zieht durch und f\u00e4hrt mit seinem Rad in den Alpen&#8230;<\/p>\n<div class=\"more-link-wrapper\"><a class=\"more-link\" href=\"https:\/\/www.kraftfuttermischwerk.de\/blogg\/mit-dem-fahrrad-auf-der-slackline\/\">Mehr lesen -&gt;<span class=\"screen-reader-text\">Mit dem Fahrrad auf der Slackline<\/span><\/a><\/div>\n","protected":false},"author":1,"featured_media":94679,"comment_status":"open","ping_status":"open","sticky":false,"template":"","format":"standard","meta":{"jetpack_post_was_ever_published":false,"_jetpack_newsletter_access":"","_jetpack_dont_email_post_to_subs":false,"_jetpack_newsletter_tier_id":0,"_jetpack_memberships_contains_paywalled_content":false,"_jetpack_memberships_contains_paid_content":false,"footnotes":""},"categories":[1],"tags":[2955,4329,1256],"class_list":["post-94678","post","type-post","status-publish","format-standard","has-post-thumbnail","hentry","category-nur-mal-so","tag-bicycle","tag-slacklining","tag-trial","entry"],"jetpack_featured_media_url":"https:\/\/www.kraftfuttermischwerk.de\/blogg\/wp-content\/uploads2\/2015\/09\/Bildschirmfoto-2015-09-22-um-08.58.33.png","jetpack_shortlink":"https:\/\/wp.me\/pXEnA-oD4","jetpack-related-posts":[],"jetpack_sharing_enabled":true,"_links":{"self":[{"href":"https:\/\/www.kraftfuttermischwerk.de\/blogg\/wp-json\/wp\/v2\/posts\/94678","targetHints":{"allow":["GET"]}}],"collection":[{"href":"https:\/\/www.kraftfuttermischwerk.de\/blogg\/wp-json\/wp\/v2\/posts"}],"about":[{"href":"https:\/\/www.kraftfuttermischwerk.de\/blogg\/wp-json\/wp\/v2\/types\/post"}],"author":[{"embeddable":true,"href":"https:\/\/www.kraftfuttermischwerk.de\/blogg\/wp-json\/wp\/v2\/users\/1"}],"replies":[{"embeddable":true,"href":"https:\/\/www.kraftfuttermischwerk.de\/blogg\/wp-json\/wp\/v2\/comments?post=94678"}],"version-history":[{"count":3,"href":"https:\/\/www.kraftfuttermischwerk.de\/blogg\/wp-json\/wp\/v2\/posts\/94678\/revisions"}],"predecessor-version":[{"id":94682,"href":"https:\/\/www.kraftfuttermischwerk.de\/blogg\/wp-json\/wp\/v2\/posts\/94678\/revisions\/94682"}],"wp:featuredmedia":[{"embeddable":true,"href":"https:\/\/www.kraftfuttermischwerk.de\/blogg\/wp-json\/wp\/v2\/media\/94679"}],"wp:attachment":[{"href":"https:\/\/www.kraftfuttermischwerk.de\/blogg\/wp-json\/wp\/v2\/media?parent=94678"}],"wp:term":[{"taxonomy":"category","embeddable":true,"href":"https:\/\/www.kraftfuttermischwerk.de\/blogg\/wp-json\/wp\/v2\/categories?post=94678"},{"taxonomy":"post_tag","embeddable":true,"href":"https:\/\/www.kraftfuttermischwerk.de\/blogg\/wp-json\/wp\/v2\/tags?post=94678"}],"curies":[{"name":"wp","href":"https:\/\/api.w.org\/{rel}","templated":true}]}}