{"id":95210,"date":"2015-10-04T20:53:49","date_gmt":"2015-10-04T18:53:49","guid":{"rendered":"http:\/\/www.kraftfuttermischwerk.de\/blogg\/?p=95210"},"modified":"2015-10-04T20:53:49","modified_gmt":"2015-10-04T18:53:49","slug":"drohnenflug-ueber-kobane","status":"publish","type":"post","link":"https:\/\/www.kraftfuttermischwerk.de\/blogg\/drohnenflug-ueber-kobane\/","title":{"rendered":"Drohnenflug \u00fcber Kobane"},"content":{"rendered":"<p>Ich war die Tage in Meck-Pomm und habe mich dort gezwungener Ma\u00dfen mit besorgten Nazis unterhalten m\u00fcssen. Jene, die ja eigentlich gar keine sein wollen, ihre vorgebrachten, vermeintlichen Argumente aber lassen im Regelfall keine anderen Schl\u00fcsse zu, als das es sich eben doch um solche handelt. Man f\u00e4delt sich da eine krude Argumentationskette, die immer mit &#8222;Ich habe ja nichts gegen Kriegsfl\u00fcchtlinge, den muss geholfen werden!&#8220; beginnt und auf &#8222;Aber 99% von denen kommen ja gar nicht aus Kriegsgebieten!&#8220; Wenn man die fragt, woher sie diese Gewissheit haben, geben sie als Quelle gerne die &#8222;Cousine eines Freundes&#8220; oder &#8222;Ich kenne da einen, der einen kennt, dessen Cousine des Freundes einen kennt, der wiederum mit eigenen Augen gesehen hat, dass&#8230;&#8220; und so. Man kennt das. Sch\u00f6n auch: &#8222;Man liest ja soviel!&#8220; Meinen die dann allerdings g\u00e4nzlich unironisch. Echt jetzt! <\/p>\n<p>Ich diskutierte mich erst wohlwollend durch die letzte Nacht und musste feststellen, was ich in letzter Zeit schon h\u00e4ufiger feststellen musste: Man kommt diesen Menschen weder mit Fakten noch mit faktisch untermauerten Argumenten bei. Sie bauen sich ein Weltbild und leben dann in diesem. Das gei\u00dfelte dann in &#8222;Man will das deutsche Volk vernichten!&#8220; Das k\u00e4me &#8222;von ganz oben&#8220;. Auf die Frage, wo genau dieses &#8222;ganz oben&#8220; denn l\u00e4ge, bekam ich keine Antwort. Daf\u00fcr gl\u00fchte mir der Aluhut fast durch. <\/p>\n<p>Jetzt sehe ich hier Aufnahmen, die schon im Fr\u00fchjahr \u00fcber Kobane von einer Drohne gemacht wurden und w\u00fcrde jene Knetbirnen vom Wochenende gerne fragen, was sie denn glauben, wo all diese Menschen hin sind, die dort einst gelebt haben m\u00fcssen. Oder was sie denn tun w\u00fcrden, wenn ihnen in der Stadt, in der sie jetzt friedlich leben, irgendwann mal die Bomben auf die K\u00f6pfe fallen. Ich vermute: es w\u00fcrde kaum plausible Antworten geben. Denn wo weder Fakten noch Argumente helfen, k\u00f6nnen wom\u00f6glich auch Bilder nicht mehr \u00fcberzeugen. <\/p>\n<p>Und es ist nicht nur Kobane. In Homs bspw. sieht es auch nicht besser aus. <\/p>\n<p><span class=\"embed-youtube\" style=\"text-align:center; display: block;\"><iframe loading=\"lazy\" class=\"youtube-player\" width=\"640\" height=\"360\" src=\"https:\/\/www.youtube.com\/embed\/qXmxvQwMvJw?version=3&#038;rel=1&#038;showsearch=0&#038;showinfo=1&#038;iv_load_policy=1&#038;fs=1&#038;hl=de-DE&#038;autohide=2&#038;wmode=transparent\" allowfullscreen=\"true\" style=\"border:0;\" sandbox=\"allow-scripts allow-same-origin allow-popups allow-presentation allow-popups-to-escape-sandbox\"><\/iframe><\/span><br \/>\n<small>(<a href=\"https:\/\/youtu.be\/qXmxvQwMvJw\">Direktlink<\/a>, via <a href=\"http:\/\/blog.fefe.de\/?ts=a8ef8f43\">Fefe<\/a>)<\/small><\/p>\n","protected":false},"excerpt":{"rendered":"<p>Ich war die Tage in Meck-Pomm und habe mich dort gezwungener Ma\u00dfen mit besorgten Nazis unterhalten m\u00fcssen. Jene, die ja eigentlich gar keine sein wollen,&#8230;<\/p>\n<div class=\"more-link-wrapper\"><a class=\"more-link\" href=\"https:\/\/www.kraftfuttermischwerk.de\/blogg\/drohnenflug-ueber-kobane\/\">Mehr lesen -&gt;<span class=\"screen-reader-text\">Drohnenflug \u00fcber Kobane<\/span><\/a><\/div>\n","protected":false},"author":1,"featured_media":95211,"comment_status":"open","ping_status":"open","sticky":false,"template":"","format":"standard","meta":{"jetpack_post_was_ever_published":false,"_jetpack_newsletter_access":"","_jetpack_dont_email_post_to_subs":false,"_jetpack_newsletter_tier_id":0,"_jetpack_memberships_contains_paywalled_content":false,"_jetpack_memberships_contains_paid_content":false,"footnotes":""},"categories":[6],"tags":[2820,3357,1667,1669],"class_list":["post-95210","post","type-post","status-publish","format-standard","has-post-thumbnail","hentry","category-alltaglicher-sinnwahn","tag-drone","tag-kobane","tag-syria","tag-war","entry"],"jetpack_featured_media_url":"https:\/\/www.kraftfuttermischwerk.de\/blogg\/wp-content\/uploads2\/2015\/10\/Bildschirmfoto-2015-10-04-um-20.49.56.jpg","jetpack_shortlink":"https:\/\/wp.me\/pXEnA-oLE","jetpack-related-posts":[],"jetpack_sharing_enabled":true,"_links":{"self":[{"href":"https:\/\/www.kraftfuttermischwerk.de\/blogg\/wp-json\/wp\/v2\/posts\/95210","targetHints":{"allow":["GET"]}}],"collection":[{"href":"https:\/\/www.kraftfuttermischwerk.de\/blogg\/wp-json\/wp\/v2\/posts"}],"about":[{"href":"https:\/\/www.kraftfuttermischwerk.de\/blogg\/wp-json\/wp\/v2\/types\/post"}],"author":[{"embeddable":true,"href":"https:\/\/www.kraftfuttermischwerk.de\/blogg\/wp-json\/wp\/v2\/users\/1"}],"replies":[{"embeddable":true,"href":"https:\/\/www.kraftfuttermischwerk.de\/blogg\/wp-json\/wp\/v2\/comments?post=95210"}],"version-history":[{"count":3,"href":"https:\/\/www.kraftfuttermischwerk.de\/blogg\/wp-json\/wp\/v2\/posts\/95210\/revisions"}],"predecessor-version":[{"id":95214,"href":"https:\/\/www.kraftfuttermischwerk.de\/blogg\/wp-json\/wp\/v2\/posts\/95210\/revisions\/95214"}],"wp:featuredmedia":[{"embeddable":true,"href":"https:\/\/www.kraftfuttermischwerk.de\/blogg\/wp-json\/wp\/v2\/media\/95211"}],"wp:attachment":[{"href":"https:\/\/www.kraftfuttermischwerk.de\/blogg\/wp-json\/wp\/v2\/media?parent=95210"}],"wp:term":[{"taxonomy":"category","embeddable":true,"href":"https:\/\/www.kraftfuttermischwerk.de\/blogg\/wp-json\/wp\/v2\/categories?post=95210"},{"taxonomy":"post_tag","embeddable":true,"href":"https:\/\/www.kraftfuttermischwerk.de\/blogg\/wp-json\/wp\/v2\/tags?post=95210"}],"curies":[{"name":"wp","href":"https:\/\/api.w.org\/{rel}","templated":true}]}}