{"id":96245,"date":"2015-10-26T20:11:25","date_gmt":"2015-10-26T19:11:25","guid":{"rendered":"http:\/\/www.kraftfuttermischwerk.de\/blogg\/?p=96245"},"modified":"2015-10-26T20:11:25","modified_gmt":"2015-10-26T19:11:25","slug":"feuer-und-flamme-fuer-die-cdu-fraktion","status":"publish","type":"post","link":"https:\/\/www.kraftfuttermischwerk.de\/blogg\/feuer-und-flamme-fuer-die-cdu-fraktion\/","title":{"rendered":"Feuer und Flamme f\u00fcr die CDU Fraktion"},"content":{"rendered":"<p>Ich habe vorhin zum ersten Mal \u00fcberhaupt einen Barcode-Scanner benutzt, um zu gucken, wo genau dieser Link wohl hingehen w\u00fcrde. Er f\u00fchrt tats\u00e4chlich zur CDU Fraktion des Landtags in Th\u00fcringen. Die meinen das offensichtlich also wirklich ernst. Na dann.<\/p>\n<a href=\"https:\/\/www.kraftfuttermischwerk.de\/blogg\/wp-content\/uploads2\/2015\/10\/CSQKjOKWsAEUnwm.jpg\"><img loading=\"lazy\" decoding=\"async\" src=\"https:\/\/www.kraftfuttermischwerk.de\/blogg\/wp-content\/uploads2\/2015\/10\/CSQKjOKWsAEUnwm.jpg\" alt=\"CSQKjOKWsAEUnwm\" width=\"1024\" height=\"525\" class=\"alignnone size-full wp-image-96246\" srcset=\"https:\/\/www.kraftfuttermischwerk.de\/blogg\/wp-content\/uploads2\/2015\/10\/CSQKjOKWsAEUnwm.jpg 1024w, https:\/\/www.kraftfuttermischwerk.de\/blogg\/wp-content\/uploads2\/2015\/10\/CSQKjOKWsAEUnwm-300x154.jpg 300w, https:\/\/www.kraftfuttermischwerk.de\/blogg\/wp-content\/uploads2\/2015\/10\/CSQKjOKWsAEUnwm-600x308.jpg 600w\" sizes=\"auto, (max-width: 1024px) 100vw, 1024px\" \/><\/a><p><br \/>\n<small>(via <a href=\"https:\/\/twitter.com\/KatharinaKoenig\/status\/658666639836233728\">Katharina K\u00f6nig<\/a>)<\/small><\/p>\n","protected":false},"excerpt":{"rendered":"<p>Ich habe vorhin zum ersten Mal \u00fcberhaupt einen Barcode-Scanner benutzt, um zu gucken, wo genau dieser Link wohl hingehen w\u00fcrde. Er f\u00fchrt tats\u00e4chlich zur CDU&#8230;<\/p>\n<div class=\"more-link-wrapper\"><a class=\"more-link\" href=\"https:\/\/www.kraftfuttermischwerk.de\/blogg\/feuer-und-flamme-fuer-die-cdu-fraktion\/\">Mehr lesen -&gt;<span class=\"screen-reader-text\">Feuer und Flamme f\u00fcr die CDU Fraktion<\/span><\/a><\/div>\n","protected":false},"author":1,"featured_media":96246,"comment_status":"open","ping_status":"open","sticky":false,"template":"","format":"standard","meta":{"jetpack_post_was_ever_published":false,"_jetpack_newsletter_access":"","_jetpack_dont_email_post_to_subs":false,"_jetpack_newsletter_tier_id":0,"_jetpack_memberships_contains_paywalled_content":false,"_jetpack_memberships_contains_paid_content":false,"footnotes":""},"categories":[6],"tags":[4604,1997,190,3253],"class_list":["post-96245","post","type-post","status-publish","format-standard","has-post-thumbnail","hentry","category-alltaglicher-sinnwahn","tag-barcodes","tag-cdu","tag-politics","tag-thueringen","entry"],"jetpack_featured_media_url":"https:\/\/www.kraftfuttermischwerk.de\/blogg\/wp-content\/uploads2\/2015\/10\/CSQKjOKWsAEUnwm.jpg","jetpack_shortlink":"https:\/\/wp.me\/pXEnA-p2l","jetpack-related-posts":[],"jetpack_sharing_enabled":true,"_links":{"self":[{"href":"https:\/\/www.kraftfuttermischwerk.de\/blogg\/wp-json\/wp\/v2\/posts\/96245","targetHints":{"allow":["GET"]}}],"collection":[{"href":"https:\/\/www.kraftfuttermischwerk.de\/blogg\/wp-json\/wp\/v2\/posts"}],"about":[{"href":"https:\/\/www.kraftfuttermischwerk.de\/blogg\/wp-json\/wp\/v2\/types\/post"}],"author":[{"embeddable":true,"href":"https:\/\/www.kraftfuttermischwerk.de\/blogg\/wp-json\/wp\/v2\/users\/1"}],"replies":[{"embeddable":true,"href":"https:\/\/www.kraftfuttermischwerk.de\/blogg\/wp-json\/wp\/v2\/comments?post=96245"}],"version-history":[{"count":2,"href":"https:\/\/www.kraftfuttermischwerk.de\/blogg\/wp-json\/wp\/v2\/posts\/96245\/revisions"}],"predecessor-version":[{"id":96248,"href":"https:\/\/www.kraftfuttermischwerk.de\/blogg\/wp-json\/wp\/v2\/posts\/96245\/revisions\/96248"}],"wp:featuredmedia":[{"embeddable":true,"href":"https:\/\/www.kraftfuttermischwerk.de\/blogg\/wp-json\/wp\/v2\/media\/96246"}],"wp:attachment":[{"href":"https:\/\/www.kraftfuttermischwerk.de\/blogg\/wp-json\/wp\/v2\/media?parent=96245"}],"wp:term":[{"taxonomy":"category","embeddable":true,"href":"https:\/\/www.kraftfuttermischwerk.de\/blogg\/wp-json\/wp\/v2\/categories?post=96245"},{"taxonomy":"post_tag","embeddable":true,"href":"https:\/\/www.kraftfuttermischwerk.de\/blogg\/wp-json\/wp\/v2\/tags?post=96245"}],"curies":[{"name":"wp","href":"https:\/\/api.w.org\/{rel}","templated":true}]}}