{"id":97720,"date":"2015-11-28T10:44:01","date_gmt":"2015-11-28T09:44:01","guid":{"rendered":"http:\/\/www.kraftfuttermischwerk.de\/blogg\/?p=97720"},"modified":"2015-11-28T11:30:03","modified_gmt":"2015-11-28T10:30:03","slug":"heimkommen-werbung","status":"publish","type":"post","link":"https:\/\/www.kraftfuttermischwerk.de\/blogg\/heimkommen-werbung\/","title":{"rendered":"#heimkommen (Werbung)"},"content":{"rendered":"<p>Als Kind habe ich Weihnachten geliebt. Nat\u00fcrlich. Als Jugendlicher empfand ich Weihnachten eher bel\u00e4stigend und entwickelte dem ganzen Trubel im Dezember eine doch sehr ablehnende Haltung, die sich bis ins junge Erwachsenenalter hielt. Bis ich selber Vater wurde. <\/p>\n<p>Es dauerte dann ein paar Jahre, bis ich Weihnachten wieder zu m\u00f6gen begann. Die leuchtenden Augen der Beschenkten waren mir dann das sch\u00f6nste Geschenk unterm Baum. Und so wurde Weihnachten f\u00fcr mich zu einer Zeit, in der das Bewusstsein, eine Familie zu haben, besonders ausgepr\u00e4gt ist. Und das wird dann gepflegt. Nicht als Weihnachten, sondern als ein Familienfest. Zusammen kochen, zusammen essen, zusammen spielen, zusammen trinken. Reden, leben, lieben, lachen. <\/p>\n<p>Nat\u00fcrlich kann man das auch fernab von Weihnachten so handhaben, keine Frage. Aber was kann ich schon f\u00fcr dieses Gef\u00fchl.<\/p>\n<p>Ich wei\u00df nicht, wie lange das so bleibt und der Trubel den Kindern genau so auf den Puffer zu gehen beginnt, wie das bei mir als Jugendlicher der Fall war, aber bis dahin genie\u00df ich das eben. Vielleicht sitze ich irgendwann ganz alleine hier und hasse Weihnachten wieder, weil keiner zum Familienfest kommt. So wie bei diesem hier.<\/p>\n<p><a href=\"http:\/\/www.edeka.de\/gewinnspiele\/weihnachts-clip\/heimkommen.jsp\" rel=\"nofollow\">Edeka macht mit heimkommen<\/a> in erster Linie Werbung f\u00fcr das Fest im Rahmen der Familie. Und ich mag das. Man wei\u00df ja schlie\u00dflich nie, wie lange das so noch m\u00f6glich ist. <\/p>\n<p><span class=\"embed-youtube\" style=\"text-align:center; display: block;\"><iframe loading=\"lazy\" class=\"youtube-player\" width=\"640\" height=\"360\" src=\"https:\/\/www.youtube.com\/embed\/V6-0kYhqoRo?version=3&#038;rel=1&#038;showsearch=0&#038;showinfo=1&#038;iv_load_policy=1&#038;fs=1&#038;hl=de-DE&#038;autohide=2&#038;wmode=transparent\" allowfullscreen=\"true\" style=\"border:0;\" sandbox=\"allow-scripts allow-same-origin allow-popups allow-presentation allow-popups-to-escape-sandbox\"><\/iframe><\/span><br \/>\n<small>(<a href=\"https:\/\/youtu.be\/V6-0kYhqoRo\">Direktlink<\/a>)<\/small><\/p>\n<p>Au\u00dferdem gibt es dazu <a href=\"http:\/\/www.edeka.de\/\/gewinnspiele\/weihnachts-clip\/facebook_teilnahmebedingungen_heimkommen.jsp\" rel=\"nofollow\">ein Gewinnspiel<\/a>: Wenn du bis zum 13. Dezember ein Foto auf Instagram oder Facebook postest, das du mit Weihnachten verbindest und mit #heimkommen @EDEKA beschriftest, kannst du einen von 100 EDEKA Einkaufsgutscheinen \u00fcber 100 Euro zum Fest gewinnen.<\/p>\n<p><small>[Sponsored by Edeka]<\/small><\/p>\n","protected":false},"excerpt":{"rendered":"<p>Als Kind habe ich Weihnachten geliebt. Nat\u00fcrlich. Als Jugendlicher empfand ich Weihnachten eher bel\u00e4stigend und entwickelte dem ganzen Trubel im Dezember eine doch sehr ablehnende&#8230;<\/p>\n<div class=\"more-link-wrapper\"><a class=\"more-link\" href=\"https:\/\/www.kraftfuttermischwerk.de\/blogg\/heimkommen-werbung\/\">Mehr lesen -&gt;<span class=\"screen-reader-text\">#heimkommen (Werbung)<\/span><\/a><\/div>\n","protected":false},"author":1,"featured_media":97722,"comment_status":"closed","ping_status":"closed","sticky":false,"template":"","format":"standard","meta":{"jetpack_post_was_ever_published":false,"_jetpack_newsletter_access":"","_jetpack_dont_email_post_to_subs":false,"_jetpack_newsletter_tier_id":0,"_jetpack_memberships_contains_paywalled_content":false,"_jetpack_memberships_contains_paid_content":false,"footnotes":""},"categories":[1],"tags":[1191,3438,2180],"class_list":["post-97720","post","type-post","status-publish","format-standard","has-post-thumbnail","hentry","category-nur-mal-so","tag-christmas","tag-edeka","tag-sponsored","entry"],"jetpack_featured_media_url":"https:\/\/www.kraftfuttermischwerk.de\/blogg\/wp-content\/uploads2\/2015\/11\/Bildschirmfoto-2015-11-28-um-10.39.23.png","jetpack_shortlink":"https:\/\/wp.me\/pXEnA-pq8","jetpack-related-posts":[],"jetpack_sharing_enabled":true,"_links":{"self":[{"href":"https:\/\/www.kraftfuttermischwerk.de\/blogg\/wp-json\/wp\/v2\/posts\/97720","targetHints":{"allow":["GET"]}}],"collection":[{"href":"https:\/\/www.kraftfuttermischwerk.de\/blogg\/wp-json\/wp\/v2\/posts"}],"about":[{"href":"https:\/\/www.kraftfuttermischwerk.de\/blogg\/wp-json\/wp\/v2\/types\/post"}],"author":[{"embeddable":true,"href":"https:\/\/www.kraftfuttermischwerk.de\/blogg\/wp-json\/wp\/v2\/users\/1"}],"replies":[{"embeddable":true,"href":"https:\/\/www.kraftfuttermischwerk.de\/blogg\/wp-json\/wp\/v2\/comments?post=97720"}],"version-history":[{"count":5,"href":"https:\/\/www.kraftfuttermischwerk.de\/blogg\/wp-json\/wp\/v2\/posts\/97720\/revisions"}],"predecessor-version":[{"id":97731,"href":"https:\/\/www.kraftfuttermischwerk.de\/blogg\/wp-json\/wp\/v2\/posts\/97720\/revisions\/97731"}],"wp:featuredmedia":[{"embeddable":true,"href":"https:\/\/www.kraftfuttermischwerk.de\/blogg\/wp-json\/wp\/v2\/media\/97722"}],"wp:attachment":[{"href":"https:\/\/www.kraftfuttermischwerk.de\/blogg\/wp-json\/wp\/v2\/media?parent=97720"}],"wp:term":[{"taxonomy":"category","embeddable":true,"href":"https:\/\/www.kraftfuttermischwerk.de\/blogg\/wp-json\/wp\/v2\/categories?post=97720"},{"taxonomy":"post_tag","embeddable":true,"href":"https:\/\/www.kraftfuttermischwerk.de\/blogg\/wp-json\/wp\/v2\/tags?post=97720"}],"curies":[{"name":"wp","href":"https:\/\/api.w.org\/{rel}","templated":true}]}}