{"id":98133,"date":"2015-12-05T11:57:29","date_gmt":"2015-12-05T10:57:29","guid":{"rendered":"http:\/\/www.kraftfuttermischwerk.de\/blogg\/?p=98133"},"modified":"2015-12-05T11:57:50","modified_gmt":"2015-12-05T10:57:50","slug":"kanada-legalisiert-cannabis","status":"publish","type":"post","link":"https:\/\/www.kraftfuttermischwerk.de\/blogg\/kanada-legalisiert-cannabis\/","title":{"rendered":"Kanada legalisiert Cannabis"},"content":{"rendered":"<img loading=\"lazy\" decoding=\"async\" src=\"https:\/\/www.kraftfuttermischwerk.de\/blogg\/wp-content\/uploads2\/2015\/12\/3998139338_67959f423d_z.jpg\" alt=\"3998139338_67959f423d_z\" width=\"640\" height=\"427\" class=\"alignnone size-full wp-image-98134\" srcset=\"https:\/\/www.kraftfuttermischwerk.de\/blogg\/wp-content\/uploads2\/2015\/12\/3998139338_67959f423d_z.jpg 640w, https:\/\/www.kraftfuttermischwerk.de\/blogg\/wp-content\/uploads2\/2015\/12\/3998139338_67959f423d_z-300x200.jpg 300w, https:\/\/www.kraftfuttermischwerk.de\/blogg\/wp-content\/uploads2\/2015\/12\/3998139338_67959f423d_z-600x400.jpg 600w\" sizes=\"auto, (max-width: 640px) 100vw, 640px\" \/><p><br \/>\n<small>(Foto: <a href=\"https:\/\/flic.kr\/p\/76ivwS\">Martijn<\/a>, CC BY-SA 2.0)<\/small><\/p>\n<p>In Teilen der USA wurde das in den letzten Jahren schon so gehandhabt, jetzt zieht <a href=\"http:\/\/klima.tagesschau.de\/ausland\/cannabis-kanada-101.html\">Kanada als gesamter Staat nach und legalisiert Cannabis<\/a>. Vielleicht erlebe ich es ja noch, dass das irgendwann auch in Deutschland passiert. <\/p>\n<blockquote><p>&#8222;Als erstes Land aus der Gruppe der sieben f\u00fchrenden Industriestaaten (G7) wird Kanada den Konsum von Marihuana legalisieren. Das k\u00fcndigte der neue Premierminister des Landes, Justin Trudeau, in Ottawa an. Der im Oktober zum Regierungschef gew\u00e4hlte Liberale best\u00e4tigte damit in einer Rede zu seiner Regierungspolitik f\u00fcr 2016 ein Versprechen aus seinem Wahlkampf: Er hatte angek\u00fcndigt, den Konsum von Cannabis direkt nach seiner Wahl straffrei zu stellen. Im Laufe des kommenden Jahres sollen dazu die entsprechenden Gesetze beschlossen werden.&#8220;<\/p><\/blockquote>\n","protected":false},"excerpt":{"rendered":"<p>(Foto: Martijn, CC BY-SA 2.0) In Teilen der USA wurde das in den letzten Jahren schon so gehandhabt, jetzt zieht Kanada als gesamter Staat nach&#8230;<\/p>\n<div class=\"more-link-wrapper\"><a class=\"more-link\" href=\"https:\/\/www.kraftfuttermischwerk.de\/blogg\/kanada-legalisiert-cannabis\/\">Mehr lesen -&gt;<span class=\"screen-reader-text\">Kanada legalisiert Cannabis<\/span><\/a><\/div>\n","protected":false},"author":1,"featured_media":98134,"comment_status":"open","ping_status":"open","sticky":false,"template":"","format":"standard","meta":{"jetpack_post_was_ever_published":false,"_jetpack_newsletter_access":"","_jetpack_dont_email_post_to_subs":false,"_jetpack_newsletter_tier_id":0,"_jetpack_memberships_contains_paywalled_content":false,"_jetpack_memberships_contains_paid_content":false,"footnotes":""},"categories":[6],"tags":[155,1438,488,1439],"class_list":["post-98133","post","type-post","status-publish","format-standard","has-post-thumbnail","hentry","category-alltaglicher-sinnwahn","tag-canada","tag-cannabis","tag-drugs","tag-prohibition","entry"],"jetpack_featured_media_url":"https:\/\/www.kraftfuttermischwerk.de\/blogg\/wp-content\/uploads2\/2015\/12\/3998139338_67959f423d_z.jpg","jetpack_shortlink":"https:\/\/wp.me\/pXEnA-pwN","jetpack-related-posts":[],"jetpack_sharing_enabled":true,"_links":{"self":[{"href":"https:\/\/www.kraftfuttermischwerk.de\/blogg\/wp-json\/wp\/v2\/posts\/98133","targetHints":{"allow":["GET"]}}],"collection":[{"href":"https:\/\/www.kraftfuttermischwerk.de\/blogg\/wp-json\/wp\/v2\/posts"}],"about":[{"href":"https:\/\/www.kraftfuttermischwerk.de\/blogg\/wp-json\/wp\/v2\/types\/post"}],"author":[{"embeddable":true,"href":"https:\/\/www.kraftfuttermischwerk.de\/blogg\/wp-json\/wp\/v2\/users\/1"}],"replies":[{"embeddable":true,"href":"https:\/\/www.kraftfuttermischwerk.de\/blogg\/wp-json\/wp\/v2\/comments?post=98133"}],"version-history":[{"count":4,"href":"https:\/\/www.kraftfuttermischwerk.de\/blogg\/wp-json\/wp\/v2\/posts\/98133\/revisions"}],"predecessor-version":[{"id":98138,"href":"https:\/\/www.kraftfuttermischwerk.de\/blogg\/wp-json\/wp\/v2\/posts\/98133\/revisions\/98138"}],"wp:featuredmedia":[{"embeddable":true,"href":"https:\/\/www.kraftfuttermischwerk.de\/blogg\/wp-json\/wp\/v2\/media\/98134"}],"wp:attachment":[{"href":"https:\/\/www.kraftfuttermischwerk.de\/blogg\/wp-json\/wp\/v2\/media?parent=98133"}],"wp:term":[{"taxonomy":"category","embeddable":true,"href":"https:\/\/www.kraftfuttermischwerk.de\/blogg\/wp-json\/wp\/v2\/categories?post=98133"},{"taxonomy":"post_tag","embeddable":true,"href":"https:\/\/www.kraftfuttermischwerk.de\/blogg\/wp-json\/wp\/v2\/tags?post=98133"}],"curies":[{"name":"wp","href":"https:\/\/api.w.org\/{rel}","templated":true}]}}