{"id":98249,"date":"2015-12-07T21:14:29","date_gmt":"2015-12-07T20:14:29","guid":{"rendered":"http:\/\/www.kraftfuttermischwerk.de\/blogg\/?p=98249"},"modified":"2016-07-04T17:07:44","modified_gmt":"2016-07-04T15:07:44","slug":"dlf-radio-feature-wie-jugendliche-politik-und-nachrichten-konsumieren","status":"publish","type":"post","link":"https:\/\/www.kraftfuttermischwerk.de\/blogg\/dlf-radio-feature-wie-jugendliche-politik-und-nachrichten-konsumieren\/","title":{"rendered":"DLF-Radio-Feature: Wie Jugendliche Politik und Nachrichten konsumieren"},"content":{"rendered":"<p>H\u00f6renswertes <a href=\"http:\/\/www.deutschlandfunk.de\/was-geht-ab-wie-jugendliche-politik-und-nachrichten.724.de.html?dram:article_id=338976\">Radio-Feature vom Deutschlandfunk<\/a>, der sich in jugendliche Gefilde begeben hat, um deren Konsum von politischen Nachrichten zu erfahren. Vieles davon deckt sich mit dem, was ich nicht nur beruflich, sondern auch nebenbei als Eltern-Medien-Berater erfahre, der t\u00e4glich mit Jugendlichen irgendwie \u00fcber Medien spricht. Allerdings ist mir das hier ein wenig zu optimistisch, denn die von mir erfahrene Realit\u00e4t sieht leider weniger hoffnungsvoll aus. Das echte Interesse an politischen Nachrichten scheint mir sehr gering. Am Ende z\u00e4hlt eher Entertainment, meistens nicht mal gutes.<\/p>\n<blockquote><p>Kurze und lange Clips, professionell produziert. Viele Radio- und Fernsehsender versuchen die junge Zielgruppe \u00fcber soziale Netzwerke zu erreichen. Die Zahl der Zuschauerinnen und Zuschauer bei YouTube, Facebook, Twitter und Instagram ist allerdings noch \u00fcberschaubar. YouTube und erfolgreiche Nachrichten von etablierten Anbietern \u2013 noch passt das kaum zusammen.<\/p><\/blockquote>\n<p>[audio:http:\/\/podcast-mp3.dradio.de\/podcast\/2015\/12\/06\/dlf_20151206_1840_5456833f.mp3]<br \/>\n<small>(<a href=\"http:\/\/podcast-mp3.dradio.de\/podcast\/2015\/12\/06\/dlf_20151206_1840_5456833f.mp3\">Direktlink<\/a>, via <a href=\"https:\/\/netzpolitik.org\/2015\/wie-jugendliche-politik-und-nachrichten-konsumieren\/\">Netzpolitik<\/a>)<\/small><\/p>\n","protected":false},"excerpt":{"rendered":"<p>H\u00f6renswertes Radio-Feature vom Deutschlandfunk, der sich in jugendliche Gefilde begeben hat, um deren Konsum von politischen Nachrichten zu erfahren. Vieles davon deckt sich mit dem,&#8230;<\/p>\n<div class=\"more-link-wrapper\"><a class=\"more-link\" href=\"https:\/\/www.kraftfuttermischwerk.de\/blogg\/dlf-radio-feature-wie-jugendliche-politik-und-nachrichten-konsumieren\/\">Mehr lesen -&gt;<span class=\"screen-reader-text\">DLF-Radio-Feature: Wie Jugendliche Politik und Nachrichten konsumieren<\/span><\/a><\/div>\n","protected":false},"author":1,"featured_media":0,"comment_status":"open","ping_status":"open","sticky":false,"template":"","format":"standard","meta":{"jetpack_post_was_ever_published":false,"_jetpack_newsletter_access":"","_jetpack_dont_email_post_to_subs":false,"_jetpack_newsletter_tier_id":0,"_jetpack_memberships_contains_paywalled_content":false,"_jetpack_memberships_contains_paid_content":false,"footnotes":""},"categories":[6],"tags":[1617,190,829,1155],"class_list":["post-98249","post","type-post","status-publish","format-standard","hentry","category-alltaglicher-sinnwahn","tag-media","tag-politics","tag-radio","tag-youth","entry"],"jetpack_featured_media_url":"","jetpack_shortlink":"https:\/\/wp.me\/pXEnA-pyF","jetpack-related-posts":[],"jetpack_sharing_enabled":true,"_links":{"self":[{"href":"https:\/\/www.kraftfuttermischwerk.de\/blogg\/wp-json\/wp\/v2\/posts\/98249","targetHints":{"allow":["GET"]}}],"collection":[{"href":"https:\/\/www.kraftfuttermischwerk.de\/blogg\/wp-json\/wp\/v2\/posts"}],"about":[{"href":"https:\/\/www.kraftfuttermischwerk.de\/blogg\/wp-json\/wp\/v2\/types\/post"}],"author":[{"embeddable":true,"href":"https:\/\/www.kraftfuttermischwerk.de\/blogg\/wp-json\/wp\/v2\/users\/1"}],"replies":[{"embeddable":true,"href":"https:\/\/www.kraftfuttermischwerk.de\/blogg\/wp-json\/wp\/v2\/comments?post=98249"}],"version-history":[{"count":4,"href":"https:\/\/www.kraftfuttermischwerk.de\/blogg\/wp-json\/wp\/v2\/posts\/98249\/revisions"}],"predecessor-version":[{"id":108288,"href":"https:\/\/www.kraftfuttermischwerk.de\/blogg\/wp-json\/wp\/v2\/posts\/98249\/revisions\/108288"}],"wp:attachment":[{"href":"https:\/\/www.kraftfuttermischwerk.de\/blogg\/wp-json\/wp\/v2\/media?parent=98249"}],"wp:term":[{"taxonomy":"category","embeddable":true,"href":"https:\/\/www.kraftfuttermischwerk.de\/blogg\/wp-json\/wp\/v2\/categories?post=98249"},{"taxonomy":"post_tag","embeddable":true,"href":"https:\/\/www.kraftfuttermischwerk.de\/blogg\/wp-json\/wp\/v2\/tags?post=98249"}],"curies":[{"name":"wp","href":"https:\/\/api.w.org\/{rel}","templated":true}]}}